{"id":1634,"date":"2016-04-30T09:25:46","date_gmt":"2016-04-30T09:25:46","guid":{"rendered":"http:\/\/www.scoalababel.ro\/preview\/?p=1634"},"modified":"2022-01-05T07:46:22","modified_gmt":"2022-01-05T07:46:22","slug":"invatarea-la-puterea-empatiei","status":"publish","type":"post","link":"https:\/\/www.scoalababel.ro\/en\/2016\/04\/30\/invatarea-la-puterea-empatiei\/","title":{"rendered":"\u00cenv\u0103\u021barea la puterea empatiei"},"content":{"rendered":"<p>Oric\u00e2t am crede c\u0103 predarea de cuno\u0219tin\u021be sau abilit\u0103\u021bi duce la \u00eenv\u0103\u021bare, oric\u00e2t am \u00eencerca s\u0103 ne punem obiective ca dasc\u0103li, experien\u021ba copiilor \u00een contact cu ceea ce le propunem este una personal\u0103. Doar \u00een momentul \u00een care reu\u0219im s\u0103 intr\u0103m \u00een lumea lor, s\u0103 ascult\u0103m ce se \u00eent\u00e2mpl\u0103 \u00een universul lor legat de \u00eenv\u0103\u021bare putem spune cu adev\u0103rat dac\u0103 ceva s-a schimbat prin \u00eenv\u0103\u021bare.<\/p>\n<p>Nu e mai u\u0219or s\u0103 d\u0103m un test, cu un singur r\u0103spuns corect, \u0219i astfel s\u0103 d\u0103m o not\u0103 legat\u0103 de eficien\u021ba pred\u0103rii \u0219i \u00eenv\u0103\u021b\u0103rii materiei? E mai u\u0219or, dar e o solu\u021bie pe termen scurt, care exclude 99% din fiin\u021ba copilului. Acel 99% care va fi definit \u0219i pentru noi, \u0219i pentru statul rom\u00e2n \u0219i, cel mai grav, \u00a0pentru copil ca \u201cbun\u201d sau \u201cr\u0103u\u201d, \u201csuficient\u201d sau \u201cinsuficient\u201d. O etichet\u0103 pe care copilul o va purta cu el mult timp \u0219i care \u00eel va \u00eendep\u0103rta de ceea ce este el cu adev\u0103rat: o fiin\u021b\u0103 care cre\u0219te, se dezvolt\u0103, caut\u0103,\u00eencearc\u0103, gre\u0219e\u0219te uneori, iar alte ori reu\u0219e\u0219te.<\/p>\n<p>Alternativa pentru a \u00een\u021belege progresul copilului \u00een lumea \u00eenv\u0103\u021b\u0103rii poate fi empatia, \u00eencercarea de a ne transpune \u00een lumea interioar\u0103 a copilului f\u0103r\u0103 a emite judec\u0103\u021bi de valoare. Atunci c\u00e2nd suntem deschi\u0219i s\u0103 ascult\u0103m, copilul \u00eenva\u021b\u0103 s\u0103 vorbeasc\u0103, s\u0103 reflecteze, s\u0103 se cunoasc\u0103 mai bine deasupra de etichet\u0103ri. Copilul \u00eenva\u021b\u0103 c\u0103 e ok s\u0103 fie el \u00eensu\u0219i chiar dac\u0103 nu a atins \u00eenc\u0103 \u2018standardul\u2019, \u00a0\u0219i e dispus s\u0103 g\u0103seasc\u0103 solu\u021bii pentru a face urm\u0103torul pas.<\/p>\n<p>Cred \u00een valoarea empatiei \u00een educa\u021bie \u0219i \u00een minunile pe care un om care este ascultat \u0219i \u00een\u021beles le poate face pentru a progresa. Cred asta din propria experien\u021b\u0103. Experien\u021ba de a fi ascultat\u0103 \u0219i \u00een\u021beleas\u0103 atunci c\u00e2nd eram pe punctul de a renun\u021ba la \u00eenv\u0103\u021bare pentru c\u0103 mi se p\u0103rea c\u0103 sunt prea departe de standardul \u00eenalt al educa\u021biei universitare olandeze.<\/p>\n<p>Dup\u0103 zeci de c\u0103r\u021bi citite \u00een mega biblioteca Universit\u0103\u021bii Regale din Groningen, am decis c\u0103 nu doresc s\u0103 continui studiile masterale. A scrie o dizerta\u021bie \u00een stil olandez mi se p\u0103rea imposibil. Atunci, coordonatoarea mea de dizerta\u021bie a stat \u0219i m-a ascultat, a \u00eencercat s\u0103 \u00eemi propun\u0103 solu\u021bii alternative, m-a invitat la un drum cu trenul p\u00e2na la o conferin\u021b\u0103 \u00een alt ora\u0219. Apoi, cunosc\u00e2nd lumea mea interioar\u0103, mi-a oferit o alt\u0103 tem\u0103 \u0219i dou\u0103 c\u0103r\u021bi ce mi s-au potrivit ca o m\u0103nu\u0219\u0103 pentru cum m\u0103 sim\u021beam eu atunci (departe de \u021bar\u0103, de mediul meu de comfort, de \u00a0tot ce \u00eemi era drag). \u00cen doar trei luni, am scris o alt\u0103 dizerta\u021bie care a ob\u021binut recunoa\u0219tere \u00een sistemul olandez. Ceea ce a contat, cred, a fost c\u0103 atunci c\u00e2nd eu nu d\u0103deam deloc valoare fiin\u021bei mele compar\u00e2ndu-m\u0103 cu standardul olandez, cineva a ajuns s\u0103 m\u0103 cunoasc\u0103 poate mai bine dec\u00e2t mine, a v\u0103zut valoare \u00een ceea ce sunt eu cu adev\u0103rat.<\/p>\n<p>Dup\u0103 aproape 15 ani, m-am \u00eentors \u00een Olanda pentru a vizita \u0219colile experien\u021biale ce de 40 de ani dau o not\u0103 aparte \u00eenv\u0103\u021b\u0103m\u00e2ntului olandez. \u00a0Am descoperit aici c\u0103 profesorul este numit \u2018coach\u2019 \u0219i c\u0103 fiecare copil are discu\u021bii regulate de reflec\u021bie asupra \u00eenv\u0103\u021b\u0103rii \u00een care este ascultat, sprijinit, consiliat. \u00cenv\u0103\u021barea este un parteneriat \u00een care adultul \u00eencearc\u0103 s\u0103 \u00een\u021beleag\u0103 cu adev\u0103rat, deasupra de note, unde este copilul \u0219i de ce anume are nevoie pentru a se dezvolta \u00een continuare.<\/p>\n","protected":false},"excerpt":{"rendered":"<p>Oric\u00e2t am crede c\u0103 predarea de cuno\u0219tin\u021be sau abilit\u0103\u021bi duce la \u00eenv\u0103\u021bare, oric\u00e2t am \u00eencerca s\u0103 ne punem obiective ca dasc\u0103li, experien\u021ba copiilor \u00een contact cu ceea ce le propunem este una personal\u0103. Doar \u00een momentul \u00een care reu\u0219im s\u0103 intr\u0103m \u00een lumea lor, s\u0103 ascult\u0103m ce se \u00eent\u00e2mpl\u0103 \u00een universul lor legat de \u00eenv\u0103\u021bare [&hellip;]<\/p>\n","protected":false},"author":1,"featured_media":1739,"comment_status":"closed","ping_status":"open","sticky":false,"template":"","format":"standard","meta":{"footnotes":""},"categories":[69],"tags":[58,73,57],"class_list":["post-1634","post","type-post","status-publish","format-standard","has-post-thumbnail","hentry","category-invatarea-experientiala","tag-educatie","tag-empatie","tag-scoala-babel"],"yoast_head":"<!-- This site is optimized with the Yoast SEO plugin v27.5 - https:\/\/yoast.com\/product\/yoast-seo-wordpress\/ -->\n<title>\u00cenv\u0103\u021barea la puterea empatiei<\/title>\n<meta name=\"robots\" content=\"index, follow, max-snippet:-1, max-image-preview:large, max-video-preview:-1\" \/>\n<link rel=\"canonical\" href=\"https:\/\/www.scoalababel.ro\/en\/2016\/04\/30\/invatarea-la-puterea-empatiei\/\" \/>\n<meta property=\"og:locale\" content=\"en_US\" \/>\n<meta property=\"og:locale:alternate\" content=\"ro_RO\" \/>\n<meta property=\"og:type\" content=\"article\" \/>\n<meta property=\"og:title\" content=\"\u00cenv\u0103\u021barea la puterea empatiei\" \/>\n<meta property=\"og:description\" content=\"Oric\u00e2t am crede c\u0103 predarea de cuno\u0219tin\u021be sau abilit\u0103\u021bi duce la \u00eenv\u0103\u021bare, oric\u00e2t am \u00eencerca s\u0103 ne punem obiective ca dasc\u0103li, experien\u021ba copiilor \u00een contact cu ceea ce le propunem este una personal\u0103. Doar \u00een momentul \u00een care reu\u0219im s\u0103 intr\u0103m \u00een lumea lor, s\u0103 ascult\u0103m ce se \u00eent\u00e2mpl\u0103 \u00een universul lor legat de \u00eenv\u0103\u021bare [&hellip;]\" \/>\n<meta property=\"og:url\" content=\"https:\/\/www.scoalababel.ro\/en\/2016\/04\/30\/invatarea-la-puterea-empatiei\/\" \/>\n<meta property=\"og:site_name\" content=\"\u0218coala Babel\" \/>\n<meta property=\"article:publisher\" content=\"https:\/\/www.facebook.com\/scoalababel\/\" \/>\n<meta property=\"article:published_time\" content=\"2016-04-30T09:25:46+00:00\" \/>\n<meta property=\"article:modified_time\" content=\"2022-01-05T07:46:22+00:00\" \/>\n<meta property=\"og:image\" content=\"https:\/\/www.scoalababel.ro\/wp-content\/uploads\/2015\/03\/13130839_502424653295683_516470498944630992_o.jpg\" \/>\n\t<meta property=\"og:image:width\" content=\"1200\" \/>\n\t<meta property=\"og:image:height\" content=\"1200\" \/>\n\t<meta property=\"og:image:type\" content=\"image\/jpeg\" \/>\n<meta name=\"author\" content=\"Scoala Babel\" \/>\n<meta name=\"twitter:card\" content=\"summary_large_image\" \/>\n<meta name=\"twitter:label1\" content=\"Written by\" \/>\n\t<meta name=\"twitter:data1\" content=\"Scoala Babel\" \/>\n\t<meta name=\"twitter:label2\" content=\"Est. reading time\" \/>\n\t<meta name=\"twitter:data2\" content=\"3 minutes\" \/>\n<script type=\"application\/ld+json\" class=\"yoast-schema-graph\">{\"@context\":\"https:\\\/\\\/schema.org\",\"@graph\":[{\"@type\":\"Article\",\"@id\":\"https:\\\/\\\/www.scoalababel.ro\\\/2016\\\/04\\\/30\\\/invatarea-la-puterea-empatiei\\\/#article\",\"isPartOf\":{\"@id\":\"https:\\\/\\\/www.scoalababel.ro\\\/2016\\\/04\\\/30\\\/invatarea-la-puterea-empatiei\\\/\"},\"author\":{\"name\":\"Scoala Babel\",\"@id\":\"https:\\\/\\\/www.scoalababel.ro\\\/#\\\/schema\\\/person\\\/92c0700a6957625c9e916d838f1bb02e\"},\"headline\":\"\u00cenv\u0103\u021barea la puterea empatiei\",\"datePublished\":\"2016-04-30T09:25:46+00:00\",\"dateModified\":\"2022-01-05T07:46:22+00:00\",\"mainEntityOfPage\":{\"@id\":\"https:\\\/\\\/www.scoalababel.ro\\\/2016\\\/04\\\/30\\\/invatarea-la-puterea-empatiei\\\/\"},\"wordCount\":638,\"image\":{\"@id\":\"https:\\\/\\\/www.scoalababel.ro\\\/2016\\\/04\\\/30\\\/invatarea-la-puterea-empatiei\\\/#primaryimage\"},\"thumbnailUrl\":\"https:\\\/\\\/www.scoalababel.ro\\\/wp-content\\\/uploads\\\/2015\\\/03\\\/13130839_502424653295683_516470498944630992_o.jpg\",\"keywords\":[\"educatie\",\"empatie\",\"scoala Babel\"],\"articleSection\":[\"\u00cenv\u0103\u021barea experien\u021bial\u0103\"],\"inLanguage\":\"en-US\"},{\"@type\":\"WebPage\",\"@id\":\"https:\\\/\\\/www.scoalababel.ro\\\/2016\\\/04\\\/30\\\/invatarea-la-puterea-empatiei\\\/\",\"url\":\"https:\\\/\\\/www.scoalababel.ro\\\/2016\\\/04\\\/30\\\/invatarea-la-puterea-empatiei\\\/\",\"name\":\"\u00cenv\u0103\u021barea la puterea empatiei\",\"isPartOf\":{\"@id\":\"https:\\\/\\\/www.scoalababel.ro\\\/#website\"},\"primaryImageOfPage\":{\"@id\":\"https:\\\/\\\/www.scoalababel.ro\\\/2016\\\/04\\\/30\\\/invatarea-la-puterea-empatiei\\\/#primaryimage\"},\"image\":{\"@id\":\"https:\\\/\\\/www.scoalababel.ro\\\/2016\\\/04\\\/30\\\/invatarea-la-puterea-empatiei\\\/#primaryimage\"},\"thumbnailUrl\":\"https:\\\/\\\/www.scoalababel.ro\\\/wp-content\\\/uploads\\\/2015\\\/03\\\/13130839_502424653295683_516470498944630992_o.jpg\",\"datePublished\":\"2016-04-30T09:25:46+00:00\",\"dateModified\":\"2022-01-05T07:46:22+00:00\",\"author\":{\"@id\":\"https:\\\/\\\/www.scoalababel.ro\\\/#\\\/schema\\\/person\\\/92c0700a6957625c9e916d838f1bb02e\"},\"breadcrumb\":{\"@id\":\"https:\\\/\\\/www.scoalababel.ro\\\/2016\\\/04\\\/30\\\/invatarea-la-puterea-empatiei\\\/#breadcrumb\"},\"inLanguage\":\"en-US\",\"potentialAction\":[{\"@type\":\"ReadAction\",\"target\":[\"https:\\\/\\\/www.scoalababel.ro\\\/2016\\\/04\\\/30\\\/invatarea-la-puterea-empatiei\\\/\"]}]},{\"@type\":\"ImageObject\",\"inLanguage\":\"en-US\",\"@id\":\"https:\\\/\\\/www.scoalababel.ro\\\/2016\\\/04\\\/30\\\/invatarea-la-puterea-empatiei\\\/#primaryimage\",\"url\":\"https:\\\/\\\/www.scoalababel.ro\\\/wp-content\\\/uploads\\\/2015\\\/03\\\/13130839_502424653295683_516470498944630992_o.jpg\",\"contentUrl\":\"https:\\\/\\\/www.scoalababel.ro\\\/wp-content\\\/uploads\\\/2015\\\/03\\\/13130839_502424653295683_516470498944630992_o.jpg\",\"width\":1200,\"height\":1200},{\"@type\":\"BreadcrumbList\",\"@id\":\"https:\\\/\\\/www.scoalababel.ro\\\/2016\\\/04\\\/30\\\/invatarea-la-puterea-empatiei\\\/#breadcrumb\",\"itemListElement\":[{\"@type\":\"ListItem\",\"position\":1,\"name\":\"Home\",\"item\":\"https:\\\/\\\/www.scoalababel.ro\\\/\"},{\"@type\":\"ListItem\",\"position\":2,\"name\":\"\u00cenv\u0103\u021barea la puterea empatiei\"}]},{\"@type\":\"WebSite\",\"@id\":\"https:\\\/\\\/www.scoalababel.ro\\\/#website\",\"url\":\"https:\\\/\\\/www.scoalababel.ro\\\/\",\"name\":\"\u0218coala Babel\",\"description\":\"\u0218coala Babel\",\"potentialAction\":[{\"@type\":\"SearchAction\",\"target\":{\"@type\":\"EntryPoint\",\"urlTemplate\":\"https:\\\/\\\/www.scoalababel.ro\\\/?s={search_term_string}\"},\"query-input\":{\"@type\":\"PropertyValueSpecification\",\"valueRequired\":true,\"valueName\":\"search_term_string\"}}],\"inLanguage\":\"en-US\"},{\"@type\":\"Person\",\"@id\":\"https:\\\/\\\/www.scoalababel.ro\\\/#\\\/schema\\\/person\\\/92c0700a6957625c9e916d838f1bb02e\",\"name\":\"Scoala Babel\",\"image\":{\"@type\":\"ImageObject\",\"inLanguage\":\"en-US\",\"@id\":\"https:\\\/\\\/secure.gravatar.com\\\/avatar\\\/8ce3de45fe438d1670aa9d31e898dab9469f94569d3da95b67d174a6bc48460d?s=96&d=mm&r=g\",\"url\":\"https:\\\/\\\/secure.gravatar.com\\\/avatar\\\/8ce3de45fe438d1670aa9d31e898dab9469f94569d3da95b67d174a6bc48460d?s=96&d=mm&r=g\",\"contentUrl\":\"https:\\\/\\\/secure.gravatar.com\\\/avatar\\\/8ce3de45fe438d1670aa9d31e898dab9469f94569d3da95b67d174a6bc48460d?s=96&d=mm&r=g\",\"caption\":\"Scoala Babel\"},\"url\":\"https:\\\/\\\/www.scoalababel.ro\\\/en\\\/author\\\/admin\\\/\"}]}<\/script>\n<!-- \/ Yoast SEO plugin. -->","yoast_head_json":{"title":"\u00cenv\u0103\u021barea la puterea empatiei","robots":{"index":"index","follow":"follow","max-snippet":"max-snippet:-1","max-image-preview":"max-image-preview:large","max-video-preview":"max-video-preview:-1"},"canonical":"https:\/\/www.scoalababel.ro\/en\/2016\/04\/30\/invatarea-la-puterea-empatiei\/","og_locale":"en_US","og_type":"article","og_title":"[:ro]\u00cenv\u0103\u021barea la puterea empatiei[:] - \u0218coala Babel","og_description":"Oric\u00e2t am crede c\u0103 predarea de cuno\u0219tin\u021be sau abilit\u0103\u021bi duce la \u00eenv\u0103\u021bare, oric\u00e2t am \u00eencerca s\u0103 ne punem obiective ca dasc\u0103li, experien\u021ba copiilor \u00een contact cu ceea ce le propunem este una personal\u0103. Doar \u00een momentul \u00een care reu\u0219im s\u0103 intr\u0103m \u00een lumea lor, s\u0103 ascult\u0103m ce se \u00eent\u00e2mpl\u0103 \u00een universul lor legat de \u00eenv\u0103\u021bare [&hellip;]","og_url":"https:\/\/www.scoalababel.ro\/en\/2016\/04\/30\/invatarea-la-puterea-empatiei\/","og_site_name":"\u0218coala Babel","article_publisher":"https:\/\/www.facebook.com\/scoalababel\/","article_published_time":"2016-04-30T09:25:46+00:00","article_modified_time":"2022-01-05T07:46:22+00:00","og_image":[{"width":1200,"height":1200,"url":"https:\/\/www.scoalababel.ro\/wp-content\/uploads\/2015\/03\/13130839_502424653295683_516470498944630992_o.jpg","type":"image\/jpeg"}],"author":"Scoala Babel","twitter_card":"summary_large_image","twitter_misc":{"Written by":"Scoala Babel","Est. reading time":"3 minutes"},"schema":{"@context":"https:\/\/schema.org","@graph":[{"@type":"Article","@id":"https:\/\/www.scoalababel.ro\/2016\/04\/30\/invatarea-la-puterea-empatiei\/#article","isPartOf":{"@id":"https:\/\/www.scoalababel.ro\/2016\/04\/30\/invatarea-la-puterea-empatiei\/"},"author":{"name":"Scoala Babel","@id":"https:\/\/www.scoalababel.ro\/#\/schema\/person\/92c0700a6957625c9e916d838f1bb02e"},"headline":"\u00cenv\u0103\u021barea la puterea empatiei","datePublished":"2016-04-30T09:25:46+00:00","dateModified":"2022-01-05T07:46:22+00:00","mainEntityOfPage":{"@id":"https:\/\/www.scoalababel.ro\/2016\/04\/30\/invatarea-la-puterea-empatiei\/"},"wordCount":638,"image":{"@id":"https:\/\/www.scoalababel.ro\/2016\/04\/30\/invatarea-la-puterea-empatiei\/#primaryimage"},"thumbnailUrl":"https:\/\/www.scoalababel.ro\/wp-content\/uploads\/2015\/03\/13130839_502424653295683_516470498944630992_o.jpg","keywords":["educatie","empatie","scoala Babel"],"articleSection":["\u00cenv\u0103\u021barea experien\u021bial\u0103"],"inLanguage":"en-US"},{"@type":"WebPage","@id":"https:\/\/www.scoalababel.ro\/2016\/04\/30\/invatarea-la-puterea-empatiei\/","url":"https:\/\/www.scoalababel.ro\/2016\/04\/30\/invatarea-la-puterea-empatiei\/","name":"\u00cenv\u0103\u021barea la puterea empatiei","isPartOf":{"@id":"https:\/\/www.scoalababel.ro\/#website"},"primaryImageOfPage":{"@id":"https:\/\/www.scoalababel.ro\/2016\/04\/30\/invatarea-la-puterea-empatiei\/#primaryimage"},"image":{"@id":"https:\/\/www.scoalababel.ro\/2016\/04\/30\/invatarea-la-puterea-empatiei\/#primaryimage"},"thumbnailUrl":"https:\/\/www.scoalababel.ro\/wp-content\/uploads\/2015\/03\/13130839_502424653295683_516470498944630992_o.jpg","datePublished":"2016-04-30T09:25:46+00:00","dateModified":"2022-01-05T07:46:22+00:00","author":{"@id":"https:\/\/www.scoalababel.ro\/#\/schema\/person\/92c0700a6957625c9e916d838f1bb02e"},"breadcrumb":{"@id":"https:\/\/www.scoalababel.ro\/2016\/04\/30\/invatarea-la-puterea-empatiei\/#breadcrumb"},"inLanguage":"en-US","potentialAction":[{"@type":"ReadAction","target":["https:\/\/www.scoalababel.ro\/2016\/04\/30\/invatarea-la-puterea-empatiei\/"]}]},{"@type":"ImageObject","inLanguage":"en-US","@id":"https:\/\/www.scoalababel.ro\/2016\/04\/30\/invatarea-la-puterea-empatiei\/#primaryimage","url":"https:\/\/www.scoalababel.ro\/wp-content\/uploads\/2015\/03\/13130839_502424653295683_516470498944630992_o.jpg","contentUrl":"https:\/\/www.scoalababel.ro\/wp-content\/uploads\/2015\/03\/13130839_502424653295683_516470498944630992_o.jpg","width":1200,"height":1200},{"@type":"BreadcrumbList","@id":"https:\/\/www.scoalababel.ro\/2016\/04\/30\/invatarea-la-puterea-empatiei\/#breadcrumb","itemListElement":[{"@type":"ListItem","position":1,"name":"Home","item":"https:\/\/www.scoalababel.ro\/"},{"@type":"ListItem","position":2,"name":"\u00cenv\u0103\u021barea la puterea empatiei"}]},{"@type":"WebSite","@id":"https:\/\/www.scoalababel.ro\/#website","url":"https:\/\/www.scoalababel.ro\/","name":"\u0218coala Babel","description":"\u0218coala Babel","potentialAction":[{"@type":"SearchAction","target":{"@type":"EntryPoint","urlTemplate":"https:\/\/www.scoalababel.ro\/?s={search_term_string}"},"query-input":{"@type":"PropertyValueSpecification","valueRequired":true,"valueName":"search_term_string"}}],"inLanguage":"en-US"},{"@type":"Person","@id":"https:\/\/www.scoalababel.ro\/#\/schema\/person\/92c0700a6957625c9e916d838f1bb02e","name":"Scoala Babel","image":{"@type":"ImageObject","inLanguage":"en-US","@id":"https:\/\/secure.gravatar.com\/avatar\/8ce3de45fe438d1670aa9d31e898dab9469f94569d3da95b67d174a6bc48460d?s=96&d=mm&r=g","url":"https:\/\/secure.gravatar.com\/avatar\/8ce3de45fe438d1670aa9d31e898dab9469f94569d3da95b67d174a6bc48460d?s=96&d=mm&r=g","contentUrl":"https:\/\/secure.gravatar.com\/avatar\/8ce3de45fe438d1670aa9d31e898dab9469f94569d3da95b67d174a6bc48460d?s=96&d=mm&r=g","caption":"Scoala Babel"},"url":"https:\/\/www.scoalababel.ro\/en\/author\/admin\/"}]}},"_links":{"self":[{"href":"https:\/\/www.scoalababel.ro\/en\/wp-json\/wp\/v2\/posts\/1634","targetHints":{"allow":["GET"]}}],"collection":[{"href":"https:\/\/www.scoalababel.ro\/en\/wp-json\/wp\/v2\/posts"}],"about":[{"href":"https:\/\/www.scoalababel.ro\/en\/wp-json\/wp\/v2\/types\/post"}],"author":[{"embeddable":true,"href":"https:\/\/www.scoalababel.ro\/en\/wp-json\/wp\/v2\/users\/1"}],"replies":[{"embeddable":true,"href":"https:\/\/www.scoalababel.ro\/en\/wp-json\/wp\/v2\/comments?post=1634"}],"version-history":[{"count":3,"href":"https:\/\/www.scoalababel.ro\/en\/wp-json\/wp\/v2\/posts\/1634\/revisions"}],"predecessor-version":[{"id":4530,"href":"https:\/\/www.scoalababel.ro\/en\/wp-json\/wp\/v2\/posts\/1634\/revisions\/4530"}],"wp:featuredmedia":[{"embeddable":true,"href":"https:\/\/www.scoalababel.ro\/en\/wp-json\/wp\/v2\/media\/1739"}],"wp:attachment":[{"href":"https:\/\/www.scoalababel.ro\/en\/wp-json\/wp\/v2\/media?parent=1634"}],"wp:term":[{"taxonomy":"category","embeddable":true,"href":"https:\/\/www.scoalababel.ro\/en\/wp-json\/wp\/v2\/categories?post=1634"},{"taxonomy":"post_tag","embeddable":true,"href":"https:\/\/www.scoalababel.ro\/en\/wp-json\/wp\/v2\/tags?post=1634"}],"curies":[{"name":"wp","href":"https:\/\/api.w.org\/{rel}","templated":true}]}}