{"id":2317,"date":"2016-08-29T09:44:16","date_gmt":"2016-08-29T09:44:16","guid":{"rendered":"http:\/\/www.scoalababel.ro\/?p=2317"},"modified":"2022-01-05T07:47:28","modified_gmt":"2022-01-05T07:47:28","slug":"calatorie-catre-minunata-lume-noua","status":"publish","type":"post","link":"https:\/\/www.scoalababel.ro\/en\/2016\/08\/29\/calatorie-catre-minunata-lume-noua\/","title":{"rendered":"C\u0103l\u0103torie c\u0103tre Minunata Lume Nou\u0103"},"content":{"rendered":"<p><em>Manuela Anghelescu,<\/em><em>\u00a0autoarea minunatei c\u0103r\u021bi <strong>\u00cen c\u0103utarea fericirii<\/strong>, m\u0103mic\u0103 de doi copii plini de z\u00e2mbete \u0219i persoan\u0103 drag\u0103 \u0218colii Babel, ne deschide, prin cuvinte, poarta c\u0103tre o lume unde copiii nostri ar putea tr\u0103i altfel. Multumim Manu \u0219i ne bucur\u0103m s\u0103 navig\u0103m \u00eempreun\u0103!<\/em><\/p>\n<p>Suntem ceea ce devenim \u0219i devenim ceea ce \u00eenv\u0103\u021b\u0103m. \u00cen\u021belegem din ceea ce ne este proiectat \u00een func\u021bie de mai multe variabile. \u0218i, a\u021bi ghicit, educa\u021bia este una dintre ele. Doar c\u0103 \u0219i acest termen ascunde o groaz\u0103 de \u00een\u021belesuri, de variabile deci, \u00een func\u021bie de cultura din care provenim, \u00een func\u021bie de timpul istoric \u00een care ne situ\u0103m, \u0219i o putem \u021bine a\u0219a la infint. Deci s\u0103 l\u0103s\u0103m termenii academici \u00een m\u00e2inile Academiei \u0219i s\u0103 ne ocup\u0103m aici de via\u021ba noastr\u0103 cea de toate zilele.<\/p>\n<p>Pentru c\u0103 aici \u0219i acum, \u00een fiecare moment \u00een care privim un copil, ne d\u0103m seama c\u0103 \u021bine de noi, adul\u021bii, s\u0103 facem ceva pentru a nu r\u0103m\u00e2ne pasivi \u00eentr-un sistem educa\u021bional care creeaz\u0103 temeri, ascunzi\u0219uri, dubii, ne\u00eencredere, deziluzie \u0219i frustrare. Evident, datoria fiec\u0103rui p\u0103rinte \u0219i educator este de a \u00eencerca s\u0103 fac\u0103 bine, a\u0219a cum \u00een\u021belege el no\u021biunea de bine. Doar c\u0103 \u0219i aceasta \u021bine de ce a \u00eenv\u0103\u021bat p\u0103rintele \u0219i educatorul la r\u00e2ndul lui \u0219i de aici un etern cerc vicios. Poate c\u0103 e timpul s\u0103 apel\u0103m la cei ce se pricep \u00een educa\u021bie \u0219i s\u0103 \u00een\u021belegem c\u0103 no\u021biunea de bine, f\u0103r\u0103 un fundament ra\u021bional, poate fi exact opusul acestui bine prost \u00een\u021beles.<\/p>\n<p>Legat de sistemul clasic educa\u021bional rom\u00e2nesc, care poate c\u0103 nu are nevoie de prea multe referin\u021be sau trimiteri dac\u0103 sunte\u021bi cam de aceea\u0219i genera\u021bie cu mine, este probabil povestea multora dintre noi, p\u0103rin\u021bii recen\u021bi. \u0218i aici vorbesc de un sistem educa\u021bional bazat pe competi\u021bie accerb\u0103, critic\u0103 distructiv\u0103, o lume \u00een care colegul t\u0103u este du\u0219manul t\u0103u, \u00een care lupta pentru premiu devine lupta pentru supravie\u021buire \u0219i nota, validarea suprem\u0103, prin care suntem demni de apreciere sau de dispre\u021b. \u0218i uite a\u0219a am devenit noi oameni cu invidii, care se ascund unii de al\u021bii, se concureaz\u0103 \u00een cele mai mici \u0219i ne\u00eensemnate detalii ale existen\u021bei \u0219i cel mai mic sentiment de apreciere real\u0103 este stare de excep\u021bie \u0219i nu de normalitate. Deci dec\u00e2t s\u0103 lucr\u0103m pentru un \u021bel comun, mai bine s\u0103 ne punem be\u021be \u00een roate. \u0218i orice coleg de genera\u021bie \u0219tie despre ce vorbesc. Deci tocmai asta vrem s\u0103 evit\u0103m. Cred c\u0103 ar trebui s\u0103 milit\u0103m, \u00eentr-un nou sistem educa\u021bional nonconformist, pentru ideea de armonie, de lucru \u00eempreun\u0103 cu cel\u0103lalt, de simbioz\u0103, non-violen\u021b\u0103. Pentru c\u0103 agresivitatea va duce inevitabil la agresivitate, la orice nivel, iar a fi \u00eempotriva celuilalt este o form\u0103 de agresivitate.<\/p>\n<p>Dac\u0103 am putea s\u0103-i \u00eenv\u0103t\u0103m pe copiii no\u0219tri c\u0103 concuren\u021ba nu presupune a fi negativ \u0219i violent fa\u021b\u0103 de cel\u0103lalt, poate am reu\u0219i s\u0103 cl\u0103dim ceva. Poate nu o lume perfect\u0103, dar un pic mai rezonabil\u0103, \u00een care s\u0103 nu ne invidiem cu ur\u0103, \u00een care nu \u00eel discrimin\u0103m pe colegul de clas\u0103 \u00een func\u021bie de cum e \u00eembr\u0103cat, \u00een care s\u0103 putem fi creativi f\u0103r\u0103 s\u0103 ne fie team\u0103 cu suntem ridicoli, \u00een care s\u0103 punem pre\u021b pe ceea ce g\u00e2ndim, s\u0103 vrem s\u0103 g\u00e2ndim mai mult \u0219i mai corect, mai ra\u021bional \u0219i mai argumentat. Avem nevoie \u00een Rom\u00e2nia de alternative. Pentru c\u0103 merit\u0103. Ei, mai ales.<\/p>\n<p><em>Text scris de Manuela Anghelescu<\/em><\/p>\n<p>Imagine via Isabelle Carerre<\/p>\n<p><img loading=\"lazy\" decoding=\"async\" class=\"alignnone size-medium wp-image-2318\" src=\"http:\/\/www.scoalababel.ro\/wp-content\/uploads\/2016\/08\/IMG_5872-200x300.jpg\" alt=\"IMG_5872\" width=\"200\" height=\"300\" srcset=\"https:\/\/www.scoalababel.ro\/wp-content\/uploads\/2016\/08\/IMG_5872-200x300.jpg 200w, https:\/\/www.scoalababel.ro\/wp-content\/uploads\/2016\/08\/IMG_5872.jpg 554w\" sizes=\"auto, (max-width: 200px) 100vw, 200px\" \/><\/p>\n","protected":false},"excerpt":{"rendered":"<p>Manuela Anghelescu,\u00a0autoarea minunatei c\u0103r\u021bi \u00cen c\u0103utarea fericirii, m\u0103mic\u0103 de doi copii plini de z\u00e2mbete \u0219i persoan\u0103 drag\u0103 \u0218colii Babel, ne deschide, prin cuvinte, poarta c\u0103tre o lume unde copiii nostri ar putea tr\u0103i altfel. Multumim Manu \u0219i ne bucur\u0103m s\u0103 navig\u0103m \u00eempreun\u0103! Suntem ceea ce devenim \u0219i devenim ceea ce \u00eenv\u0103\u021b\u0103m. \u00cen\u021belegem din ceea ce [&hellip;]<\/p>\n","protected":false},"author":2,"featured_media":2318,"comment_status":"closed","ping_status":"closed","sticky":false,"template":"","format":"standard","meta":{"footnotes":""},"categories":[60],"tags":[58,56,59,57],"class_list":["post-2317","post","type-post","status-publish","format-standard","has-post-thumbnail","hentry","category-guest-post","tag-educatie","tag-invatare-experientiala","tag-manuela-anghelescu","tag-scoala-babel"],"yoast_head":"<!-- This site is optimized with the Yoast SEO plugin v27.5 - https:\/\/yoast.com\/product\/yoast-seo-wordpress\/ -->\n<title>C\u0103l\u0103torie c\u0103tre Minunata Lume Nou\u0103<\/title>\n<meta name=\"robots\" content=\"index, follow, max-snippet:-1, max-image-preview:large, max-video-preview:-1\" \/>\n<link rel=\"canonical\" href=\"https:\/\/www.scoalababel.ro\/en\/2016\/08\/29\/calatorie-catre-minunata-lume-noua\/\" \/>\n<meta property=\"og:locale\" content=\"en_US\" \/>\n<meta property=\"og:locale:alternate\" content=\"ro_RO\" \/>\n<meta property=\"og:type\" content=\"article\" \/>\n<meta property=\"og:title\" content=\"C\u0103l\u0103torie c\u0103tre Minunata Lume Nou\u0103\" \/>\n<meta property=\"og:description\" content=\"Manuela Anghelescu,\u00a0autoarea minunatei c\u0103r\u021bi \u00cen c\u0103utarea fericirii, m\u0103mic\u0103 de doi copii plini de z\u00e2mbete \u0219i persoan\u0103 drag\u0103 \u0218colii Babel, ne deschide, prin cuvinte, poarta c\u0103tre o lume unde copiii nostri ar putea tr\u0103i altfel. Multumim Manu \u0219i ne bucur\u0103m s\u0103 navig\u0103m \u00eempreun\u0103! Suntem ceea ce devenim \u0219i devenim ceea ce \u00eenv\u0103\u021b\u0103m. \u00cen\u021belegem din ceea ce [&hellip;]\" \/>\n<meta property=\"og:url\" content=\"https:\/\/www.scoalababel.ro\/en\/2016\/08\/29\/calatorie-catre-minunata-lume-noua\/\" \/>\n<meta property=\"og:site_name\" content=\"\u0218coala Babel\" \/>\n<meta property=\"article:publisher\" content=\"https:\/\/www.facebook.com\/scoalababel\/\" \/>\n<meta property=\"article:published_time\" content=\"2016-08-29T09:44:16+00:00\" \/>\n<meta property=\"article:modified_time\" content=\"2022-01-05T07:47:28+00:00\" \/>\n<meta property=\"og:image\" content=\"https:\/\/www.scoalababel.ro\/wp-content\/uploads\/2016\/08\/IMG_5872.jpg\" \/>\n\t<meta property=\"og:image:width\" content=\"554\" \/>\n\t<meta property=\"og:image:height\" content=\"831\" \/>\n\t<meta property=\"og:image:type\" content=\"image\/jpeg\" \/>\n<meta name=\"author\" content=\"Scoala Babel\" \/>\n<meta name=\"twitter:card\" content=\"summary_large_image\" \/>\n<meta name=\"twitter:label1\" content=\"Written by\" \/>\n\t<meta name=\"twitter:data1\" content=\"Scoala Babel\" \/>\n\t<meta name=\"twitter:label2\" content=\"Est. reading time\" \/>\n\t<meta name=\"twitter:data2\" content=\"6 minutes\" \/>\n<script type=\"application\/ld+json\" class=\"yoast-schema-graph\">{\"@context\":\"https:\\\/\\\/schema.org\",\"@graph\":[{\"@type\":\"Article\",\"@id\":\"https:\\\/\\\/www.scoalababel.ro\\\/2016\\\/08\\\/29\\\/calatorie-catre-minunata-lume-noua\\\/#article\",\"isPartOf\":{\"@id\":\"https:\\\/\\\/www.scoalababel.ro\\\/2016\\\/08\\\/29\\\/calatorie-catre-minunata-lume-noua\\\/\"},\"author\":{\"name\":\"Scoala Babel\",\"@id\":\"https:\\\/\\\/www.scoalababel.ro\\\/#\\\/schema\\\/person\\\/225ef50def629af35fd795b9e81c9daf\"},\"headline\":\"C\u0103l\u0103torie c\u0103tre Minunata Lume Nou\u0103\",\"datePublished\":\"2016-08-29T09:44:16+00:00\",\"dateModified\":\"2022-01-05T07:47:28+00:00\",\"mainEntityOfPage\":{\"@id\":\"https:\\\/\\\/www.scoalababel.ro\\\/2016\\\/08\\\/29\\\/calatorie-catre-minunata-lume-noua\\\/\"},\"wordCount\":1312,\"image\":{\"@id\":\"https:\\\/\\\/www.scoalababel.ro\\\/2016\\\/08\\\/29\\\/calatorie-catre-minunata-lume-noua\\\/#primaryimage\"},\"thumbnailUrl\":\"https:\\\/\\\/www.scoalababel.ro\\\/wp-content\\\/uploads\\\/2016\\\/08\\\/IMG_5872.jpg\",\"keywords\":[\"educatie\",\"invatare experientiala\",\"Manuela Anghelescu\",\"scoala Babel\"],\"articleSection\":[\"Guest Post\"],\"inLanguage\":\"en-US\"},{\"@type\":\"WebPage\",\"@id\":\"https:\\\/\\\/www.scoalababel.ro\\\/2016\\\/08\\\/29\\\/calatorie-catre-minunata-lume-noua\\\/\",\"url\":\"https:\\\/\\\/www.scoalababel.ro\\\/2016\\\/08\\\/29\\\/calatorie-catre-minunata-lume-noua\\\/\",\"name\":\"C\u0103l\u0103torie c\u0103tre Minunata Lume Nou\u0103\",\"isPartOf\":{\"@id\":\"https:\\\/\\\/www.scoalababel.ro\\\/#website\"},\"primaryImageOfPage\":{\"@id\":\"https:\\\/\\\/www.scoalababel.ro\\\/2016\\\/08\\\/29\\\/calatorie-catre-minunata-lume-noua\\\/#primaryimage\"},\"image\":{\"@id\":\"https:\\\/\\\/www.scoalababel.ro\\\/2016\\\/08\\\/29\\\/calatorie-catre-minunata-lume-noua\\\/#primaryimage\"},\"thumbnailUrl\":\"https:\\\/\\\/www.scoalababel.ro\\\/wp-content\\\/uploads\\\/2016\\\/08\\\/IMG_5872.jpg\",\"datePublished\":\"2016-08-29T09:44:16+00:00\",\"dateModified\":\"2022-01-05T07:47:28+00:00\",\"author\":{\"@id\":\"https:\\\/\\\/www.scoalababel.ro\\\/#\\\/schema\\\/person\\\/225ef50def629af35fd795b9e81c9daf\"},\"breadcrumb\":{\"@id\":\"https:\\\/\\\/www.scoalababel.ro\\\/2016\\\/08\\\/29\\\/calatorie-catre-minunata-lume-noua\\\/#breadcrumb\"},\"inLanguage\":\"en-US\",\"potentialAction\":[{\"@type\":\"ReadAction\",\"target\":[\"https:\\\/\\\/www.scoalababel.ro\\\/2016\\\/08\\\/29\\\/calatorie-catre-minunata-lume-noua\\\/\"]}]},{\"@type\":\"ImageObject\",\"inLanguage\":\"en-US\",\"@id\":\"https:\\\/\\\/www.scoalababel.ro\\\/2016\\\/08\\\/29\\\/calatorie-catre-minunata-lume-noua\\\/#primaryimage\",\"url\":\"https:\\\/\\\/www.scoalababel.ro\\\/wp-content\\\/uploads\\\/2016\\\/08\\\/IMG_5872.jpg\",\"contentUrl\":\"https:\\\/\\\/www.scoalababel.ro\\\/wp-content\\\/uploads\\\/2016\\\/08\\\/IMG_5872.jpg\",\"width\":554,\"height\":831},{\"@type\":\"BreadcrumbList\",\"@id\":\"https:\\\/\\\/www.scoalababel.ro\\\/2016\\\/08\\\/29\\\/calatorie-catre-minunata-lume-noua\\\/#breadcrumb\",\"itemListElement\":[{\"@type\":\"ListItem\",\"position\":1,\"name\":\"Home\",\"item\":\"https:\\\/\\\/www.scoalababel.ro\\\/\"},{\"@type\":\"ListItem\",\"position\":2,\"name\":\"C\u0103l\u0103torie c\u0103tre Minunata Lume Nou\u0103\"}]},{\"@type\":\"WebSite\",\"@id\":\"https:\\\/\\\/www.scoalababel.ro\\\/#website\",\"url\":\"https:\\\/\\\/www.scoalababel.ro\\\/\",\"name\":\"\u0218coala Babel\",\"description\":\"\u0218coala Babel\",\"potentialAction\":[{\"@type\":\"SearchAction\",\"target\":{\"@type\":\"EntryPoint\",\"urlTemplate\":\"https:\\\/\\\/www.scoalababel.ro\\\/?s={search_term_string}\"},\"query-input\":{\"@type\":\"PropertyValueSpecification\",\"valueRequired\":true,\"valueName\":\"search_term_string\"}}],\"inLanguage\":\"en-US\"},{\"@type\":\"Person\",\"@id\":\"https:\\\/\\\/www.scoalababel.ro\\\/#\\\/schema\\\/person\\\/225ef50def629af35fd795b9e81c9daf\",\"name\":\"Scoala Babel\",\"image\":{\"@type\":\"ImageObject\",\"inLanguage\":\"en-US\",\"@id\":\"https:\\\/\\\/secure.gravatar.com\\\/avatar\\\/b3c791c0f086f5e40f3e079cf95672bad14b7749f0d55655baadaa0a9ad8ca66?s=96&d=mm&r=g\",\"url\":\"https:\\\/\\\/secure.gravatar.com\\\/avatar\\\/b3c791c0f086f5e40f3e079cf95672bad14b7749f0d55655baadaa0a9ad8ca66?s=96&d=mm&r=g\",\"contentUrl\":\"https:\\\/\\\/secure.gravatar.com\\\/avatar\\\/b3c791c0f086f5e40f3e079cf95672bad14b7749f0d55655baadaa0a9ad8ca66?s=96&d=mm&r=g\",\"caption\":\"Scoala Babel\"},\"url\":\"https:\\\/\\\/www.scoalababel.ro\\\/en\\\/author\\\/monica\\\/\"}]}<\/script>\n<!-- \/ Yoast SEO plugin. -->","yoast_head_json":{"title":"C\u0103l\u0103torie c\u0103tre Minunata Lume Nou\u0103","robots":{"index":"index","follow":"follow","max-snippet":"max-snippet:-1","max-image-preview":"max-image-preview:large","max-video-preview":"max-video-preview:-1"},"canonical":"https:\/\/www.scoalababel.ro\/en\/2016\/08\/29\/calatorie-catre-minunata-lume-noua\/","og_locale":"en_US","og_type":"article","og_title":"[:ro]C\u0103l\u0103torie c\u0103tre Minunata Lume Nou\u0103[:en]C\u0103l\u0103torie c\u0103tre Minunata Lume Nou\u0103[:] - \u0218coala Babel","og_description":"Manuela Anghelescu,\u00a0autoarea minunatei c\u0103r\u021bi \u00cen c\u0103utarea fericirii, m\u0103mic\u0103 de doi copii plini de z\u00e2mbete \u0219i persoan\u0103 drag\u0103 \u0218colii Babel, ne deschide, prin cuvinte, poarta c\u0103tre o lume unde copiii nostri ar putea tr\u0103i altfel. Multumim Manu \u0219i ne bucur\u0103m s\u0103 navig\u0103m \u00eempreun\u0103! Suntem ceea ce devenim \u0219i devenim ceea ce \u00eenv\u0103\u021b\u0103m. \u00cen\u021belegem din ceea ce [&hellip;]","og_url":"https:\/\/www.scoalababel.ro\/en\/2016\/08\/29\/calatorie-catre-minunata-lume-noua\/","og_site_name":"\u0218coala Babel","article_publisher":"https:\/\/www.facebook.com\/scoalababel\/","article_published_time":"2016-08-29T09:44:16+00:00","article_modified_time":"2022-01-05T07:47:28+00:00","og_image":[{"width":554,"height":831,"url":"https:\/\/www.scoalababel.ro\/wp-content\/uploads\/2016\/08\/IMG_5872.jpg","type":"image\/jpeg"}],"author":"Scoala Babel","twitter_card":"summary_large_image","twitter_misc":{"Written by":"Scoala Babel","Est. reading time":"6 minutes"},"schema":{"@context":"https:\/\/schema.org","@graph":[{"@type":"Article","@id":"https:\/\/www.scoalababel.ro\/2016\/08\/29\/calatorie-catre-minunata-lume-noua\/#article","isPartOf":{"@id":"https:\/\/www.scoalababel.ro\/2016\/08\/29\/calatorie-catre-minunata-lume-noua\/"},"author":{"name":"Scoala Babel","@id":"https:\/\/www.scoalababel.ro\/#\/schema\/person\/225ef50def629af35fd795b9e81c9daf"},"headline":"C\u0103l\u0103torie c\u0103tre Minunata Lume Nou\u0103","datePublished":"2016-08-29T09:44:16+00:00","dateModified":"2022-01-05T07:47:28+00:00","mainEntityOfPage":{"@id":"https:\/\/www.scoalababel.ro\/2016\/08\/29\/calatorie-catre-minunata-lume-noua\/"},"wordCount":1312,"image":{"@id":"https:\/\/www.scoalababel.ro\/2016\/08\/29\/calatorie-catre-minunata-lume-noua\/#primaryimage"},"thumbnailUrl":"https:\/\/www.scoalababel.ro\/wp-content\/uploads\/2016\/08\/IMG_5872.jpg","keywords":["educatie","invatare experientiala","Manuela Anghelescu","scoala Babel"],"articleSection":["Guest Post"],"inLanguage":"en-US"},{"@type":"WebPage","@id":"https:\/\/www.scoalababel.ro\/2016\/08\/29\/calatorie-catre-minunata-lume-noua\/","url":"https:\/\/www.scoalababel.ro\/2016\/08\/29\/calatorie-catre-minunata-lume-noua\/","name":"C\u0103l\u0103torie c\u0103tre Minunata Lume Nou\u0103","isPartOf":{"@id":"https:\/\/www.scoalababel.ro\/#website"},"primaryImageOfPage":{"@id":"https:\/\/www.scoalababel.ro\/2016\/08\/29\/calatorie-catre-minunata-lume-noua\/#primaryimage"},"image":{"@id":"https:\/\/www.scoalababel.ro\/2016\/08\/29\/calatorie-catre-minunata-lume-noua\/#primaryimage"},"thumbnailUrl":"https:\/\/www.scoalababel.ro\/wp-content\/uploads\/2016\/08\/IMG_5872.jpg","datePublished":"2016-08-29T09:44:16+00:00","dateModified":"2022-01-05T07:47:28+00:00","author":{"@id":"https:\/\/www.scoalababel.ro\/#\/schema\/person\/225ef50def629af35fd795b9e81c9daf"},"breadcrumb":{"@id":"https:\/\/www.scoalababel.ro\/2016\/08\/29\/calatorie-catre-minunata-lume-noua\/#breadcrumb"},"inLanguage":"en-US","potentialAction":[{"@type":"ReadAction","target":["https:\/\/www.scoalababel.ro\/2016\/08\/29\/calatorie-catre-minunata-lume-noua\/"]}]},{"@type":"ImageObject","inLanguage":"en-US","@id":"https:\/\/www.scoalababel.ro\/2016\/08\/29\/calatorie-catre-minunata-lume-noua\/#primaryimage","url":"https:\/\/www.scoalababel.ro\/wp-content\/uploads\/2016\/08\/IMG_5872.jpg","contentUrl":"https:\/\/www.scoalababel.ro\/wp-content\/uploads\/2016\/08\/IMG_5872.jpg","width":554,"height":831},{"@type":"BreadcrumbList","@id":"https:\/\/www.scoalababel.ro\/2016\/08\/29\/calatorie-catre-minunata-lume-noua\/#breadcrumb","itemListElement":[{"@type":"ListItem","position":1,"name":"Home","item":"https:\/\/www.scoalababel.ro\/"},{"@type":"ListItem","position":2,"name":"C\u0103l\u0103torie c\u0103tre Minunata Lume Nou\u0103"}]},{"@type":"WebSite","@id":"https:\/\/www.scoalababel.ro\/#website","url":"https:\/\/www.scoalababel.ro\/","name":"\u0218coala Babel","description":"\u0218coala Babel","potentialAction":[{"@type":"SearchAction","target":{"@type":"EntryPoint","urlTemplate":"https:\/\/www.scoalababel.ro\/?s={search_term_string}"},"query-input":{"@type":"PropertyValueSpecification","valueRequired":true,"valueName":"search_term_string"}}],"inLanguage":"en-US"},{"@type":"Person","@id":"https:\/\/www.scoalababel.ro\/#\/schema\/person\/225ef50def629af35fd795b9e81c9daf","name":"Scoala Babel","image":{"@type":"ImageObject","inLanguage":"en-US","@id":"https:\/\/secure.gravatar.com\/avatar\/b3c791c0f086f5e40f3e079cf95672bad14b7749f0d55655baadaa0a9ad8ca66?s=96&d=mm&r=g","url":"https:\/\/secure.gravatar.com\/avatar\/b3c791c0f086f5e40f3e079cf95672bad14b7749f0d55655baadaa0a9ad8ca66?s=96&d=mm&r=g","contentUrl":"https:\/\/secure.gravatar.com\/avatar\/b3c791c0f086f5e40f3e079cf95672bad14b7749f0d55655baadaa0a9ad8ca66?s=96&d=mm&r=g","caption":"Scoala Babel"},"url":"https:\/\/www.scoalababel.ro\/en\/author\/monica\/"}]}},"_links":{"self":[{"href":"https:\/\/www.scoalababel.ro\/en\/wp-json\/wp\/v2\/posts\/2317","targetHints":{"allow":["GET"]}}],"collection":[{"href":"https:\/\/www.scoalababel.ro\/en\/wp-json\/wp\/v2\/posts"}],"about":[{"href":"https:\/\/www.scoalababel.ro\/en\/wp-json\/wp\/v2\/types\/post"}],"author":[{"embeddable":true,"href":"https:\/\/www.scoalababel.ro\/en\/wp-json\/wp\/v2\/users\/2"}],"replies":[{"embeddable":true,"href":"https:\/\/www.scoalababel.ro\/en\/wp-json\/wp\/v2\/comments?post=2317"}],"version-history":[{"count":6,"href":"https:\/\/www.scoalababel.ro\/en\/wp-json\/wp\/v2\/posts\/2317\/revisions"}],"predecessor-version":[{"id":4105,"href":"https:\/\/www.scoalababel.ro\/en\/wp-json\/wp\/v2\/posts\/2317\/revisions\/4105"}],"wp:featuredmedia":[{"embeddable":true,"href":"https:\/\/www.scoalababel.ro\/en\/wp-json\/wp\/v2\/media\/2318"}],"wp:attachment":[{"href":"https:\/\/www.scoalababel.ro\/en\/wp-json\/wp\/v2\/media?parent=2317"}],"wp:term":[{"taxonomy":"category","embeddable":true,"href":"https:\/\/www.scoalababel.ro\/en\/wp-json\/wp\/v2\/categories?post=2317"},{"taxonomy":"post_tag","embeddable":true,"href":"https:\/\/www.scoalababel.ro\/en\/wp-json\/wp\/v2\/tags?post=2317"}],"curies":[{"name":"wp","href":"https:\/\/api.w.org\/{rel}","templated":true}]}}