{"id":4184,"date":"2021-04-05T06:50:52","date_gmt":"2021-04-05T06:50:52","guid":{"rendered":"https:\/\/www.scoalababel.ro\/?p=4184"},"modified":"2025-02-06T18:18:31","modified_gmt":"2025-02-06T18:18:31","slug":"scrie-povestea-scolii-babel-alaturi-de-noi","status":"publish","type":"post","link":"https:\/\/www.scoalababel.ro\/en\/2021\/04\/05\/scrie-povestea-scolii-babel-alaturi-de-noi\/","title":{"rendered":"Scrie povestea \u0218colii Babel al\u0103turi de noi"},"content":{"rendered":"<p><img loading=\"lazy\" decoding=\"async\" class=\"alignnone size-full wp-image-4186\" src=\"https:\/\/www.scoalababel.ro\/wp-content\/uploads\/2021\/04\/ciclul-primar.jpg\" alt=\"\" width=\"2048\" height=\"1075\" srcset=\"https:\/\/www.scoalababel.ro\/wp-content\/uploads\/2021\/04\/ciclul-primar.jpg 2048w, https:\/\/www.scoalababel.ro\/wp-content\/uploads\/2021\/04\/ciclul-primar-300x157.jpg 300w, https:\/\/www.scoalababel.ro\/wp-content\/uploads\/2021\/04\/ciclul-primar-768x403.jpg 768w, https:\/\/www.scoalababel.ro\/wp-content\/uploads\/2021\/04\/ciclul-primar-1024x538.jpg 1024w\" sizes=\"auto, (max-width: 2048px) 100vw, 2048px\" \/><\/p>\n<p><strong>C\u0103ut\u0103m \u00eenv\u0103\u021b\u0103tori&#038;\u00eenv\u0103\u021b\u0103toare pentru anul \u0219colar 2021-2022<\/strong><\/p>\n<p>Dac\u0103 \u00ee\u021bi dore\u0219ti s\u0103 fii parte dintr-o comunitate \u00een care \u00eenv\u0103\u021barea se \u00eent\u00e2mpl\u0103 cu drag \u0219i bucurie, cu pove\u0219ti \u0219i cu experimente, cu ascultare \u0219i dialog, te invit\u0103m s\u0103 ni te al\u0103turi.<\/p>\n<p>Trimite-ne CV-ul t\u0103u p\u00e2n\u0103 \u00een <strong>12 aprilie<\/strong>, pe adresa <a href=\"mailto:contact@scoalababel.ro\">contact@scoalababel.ro<\/a>.<\/p>\n<p><img loading=\"lazy\" decoding=\"async\" class=\"alignnone size-full wp-image-4187\" src=\"https:\/\/www.scoalababel.ro\/wp-content\/uploads\/2021\/04\/gimnaziu.jpg\" alt=\"\" width=\"2048\" height=\"1075\" srcset=\"https:\/\/www.scoalababel.ro\/wp-content\/uploads\/2021\/04\/gimnaziu.jpg 2048w, https:\/\/www.scoalababel.ro\/wp-content\/uploads\/2021\/04\/gimnaziu-300x157.jpg 300w, https:\/\/www.scoalababel.ro\/wp-content\/uploads\/2021\/04\/gimnaziu-768x403.jpg 768w, https:\/\/www.scoalababel.ro\/wp-content\/uploads\/2021\/04\/gimnaziu-1024x538.jpg 1024w\" sizes=\"auto, (max-width: 2048px) 100vw, 2048px\" \/><\/p>\n<p><strong>Pentru anul \u0219colar 2021-2022, c\u0103ut\u0103m profesori &#038; profesoare pentru geografie, sport \u0219i muzic\u0103<\/strong><\/p>\n<p>Dac\u0103 \u00ee\u021bi dore\u0219ti s\u0103 fii parte dintr-o comunitate \u00een care \u00eenv\u0103\u021barea se \u00eent\u00e2mpl\u0103 cu pasiune, cu inova\u021bie, cu conectare la realitatea copiilor \u0219i interesele lor, te invit\u0103m s\u0103 ni te al\u0103turi.<\/p>\n<p>\u00cen cur\u00e2nd, vom deshide \u0219i liceul, a\u0219a c\u0103 vrem s\u0103 cunoa\u0219tem, de acum, c\u00e2t mai mai mul\u021bi profesori pasiona\u021bi, din diverse domenii.<\/p>\n<p>Trimite-ne CV-ul t\u0103u p\u00e2n\u0103 \u00een <strong>12 aprilie<\/strong>, pe adresa <a href=\"mailto:contact@scoalababel.ro\">contact@scoalababel.ro<\/a>.<\/p>\n<p>&nbsp;<\/p>\n<p>&nbsp;<\/p>\n","protected":false},"excerpt":{"rendered":"<p>C\u0103ut\u0103m \u00eenv\u0103\u021b\u0103tori&#038;\u00eenv\u0103\u021b\u0103toare pentru anul \u0219colar 2021-2022 Dac\u0103 \u00ee\u021bi dore\u0219ti s\u0103 fii parte dintr-o comunitate \u00een care \u00eenv\u0103\u021barea se \u00eent\u00e2mpl\u0103 cu drag \u0219i bucurie, cu pove\u0219ti \u0219i cu experimente, cu ascultare \u0219i dialog, te invit\u0103m s\u0103 ni te al\u0103turi. Trimite-ne CV-ul t\u0103u p\u00e2n\u0103 \u00een 12 aprilie, pe adresa contact@scoalababel.ro. Pentru anul \u0219colar 2021-2022, c\u0103ut\u0103m profesori &#038; [&hellip;]<\/p>\n","protected":false},"author":8,"featured_media":4185,"comment_status":"closed","ping_status":"closed","sticky":false,"template":"","format":"standard","meta":{"footnotes":""},"categories":[7],"tags":[72,57,88],"class_list":["post-4184","post","type-post","status-publish","format-standard","has-post-thumbnail","hentry","category-new-event","tag-profesori","tag-scoala-babel","tag-invatatoare"],"yoast_head":"<!-- This site is optimized with the Yoast SEO plugin v27.5 - https:\/\/yoast.com\/product\/yoast-seo-wordpress\/ -->\n<title>Scrie povestea \u0218colii Babel al\u0103turi de noi<\/title>\n<meta name=\"robots\" content=\"index, follow, max-snippet:-1, max-image-preview:large, max-video-preview:-1\" \/>\n<link rel=\"canonical\" href=\"https:\/\/www.scoalababel.ro\/en\/2021\/04\/05\/scrie-povestea-scolii-babel-alaturi-de-noi\/\" \/>\n<meta property=\"og:locale\" content=\"en_US\" \/>\n<meta property=\"og:locale:alternate\" content=\"ro_RO\" \/>\n<meta property=\"og:type\" content=\"article\" \/>\n<meta property=\"og:title\" content=\"Scrie povestea \u0218colii Babel al\u0103turi de noi\" \/>\n<meta property=\"og:description\" content=\"C\u0103ut\u0103m \u00eenv\u0103\u021b\u0103tori&amp;\u00eenv\u0103\u021b\u0103toare pentru anul \u0219colar 2021-2022 Dac\u0103 \u00ee\u021bi dore\u0219ti s\u0103 fii parte dintr-o comunitate \u00een care \u00eenv\u0103\u021barea se \u00eent\u00e2mpl\u0103 cu drag \u0219i bucurie, cu pove\u0219ti \u0219i cu experimente, cu ascultare \u0219i dialog, te invit\u0103m s\u0103 ni te al\u0103turi. Trimite-ne CV-ul t\u0103u p\u00e2n\u0103 \u00een 12 aprilie, pe adresa contact@scoalababel.ro. Pentru anul \u0219colar 2021-2022, c\u0103ut\u0103m profesori &amp; [&hellip;]\" \/>\n<meta property=\"og:url\" content=\"https:\/\/www.scoalababel.ro\/en\/2021\/04\/05\/scrie-povestea-scolii-babel-alaturi-de-noi\/\" \/>\n<meta property=\"og:site_name\" content=\"\u0218coala Babel\" \/>\n<meta property=\"article:publisher\" content=\"https:\/\/www.facebook.com\/scoalababel\/\" \/>\n<meta property=\"article:published_time\" content=\"2021-04-05T06:50:52+00:00\" \/>\n<meta property=\"article:modified_time\" content=\"2025-02-06T18:18:31+00:00\" \/>\n<meta property=\"og:image\" content=\"https:\/\/www.scoalababel.ro\/wp-content\/uploads\/2021\/04\/Scrie-Povestea1.png\" \/>\n\t<meta property=\"og:image:width\" content=\"5000\" \/>\n\t<meta property=\"og:image:height\" content=\"2625\" \/>\n\t<meta property=\"og:image:type\" content=\"image\/png\" \/>\n<meta name=\"author\" content=\"Scoala Babel\" \/>\n<meta name=\"twitter:card\" content=\"summary_large_image\" \/>\n<meta name=\"twitter:label1\" content=\"Written by\" \/>\n\t<meta name=\"twitter:data1\" content=\"Scoala Babel\" \/>\n\t<meta name=\"twitter:label2\" content=\"Est. reading time\" \/>\n\t<meta name=\"twitter:data2\" content=\"1 minute\" \/>\n<script type=\"application\/ld+json\" class=\"yoast-schema-graph\">{\"@context\":\"https:\\\/\\\/schema.org\",\"@graph\":[{\"@type\":\"Article\",\"@id\":\"https:\\\/\\\/www.scoalababel.ro\\\/2021\\\/04\\\/05\\\/scrie-povestea-scolii-babel-alaturi-de-noi\\\/#article\",\"isPartOf\":{\"@id\":\"https:\\\/\\\/www.scoalababel.ro\\\/2021\\\/04\\\/05\\\/scrie-povestea-scolii-babel-alaturi-de-noi\\\/\"},\"author\":{\"name\":\"Scoala Babel\",\"@id\":\"https:\\\/\\\/www.scoalababel.ro\\\/#\\\/schema\\\/person\\\/0ddda24d99c6d1d674f42252dfd3e57d\"},\"headline\":\"Scrie povestea \u0218colii Babel al\u0103turi de noi\",\"datePublished\":\"2021-04-05T06:50:52+00:00\",\"dateModified\":\"2025-02-06T18:18:31+00:00\",\"mainEntityOfPage\":{\"@id\":\"https:\\\/\\\/www.scoalababel.ro\\\/2021\\\/04\\\/05\\\/scrie-povestea-scolii-babel-alaturi-de-noi\\\/\"},\"wordCount\":168,\"image\":{\"@id\":\"https:\\\/\\\/www.scoalababel.ro\\\/2021\\\/04\\\/05\\\/scrie-povestea-scolii-babel-alaturi-de-noi\\\/#primaryimage\"},\"thumbnailUrl\":\"https:\\\/\\\/www.scoalababel.ro\\\/wp-content\\\/uploads\\\/2021\\\/04\\\/Scrie-Povestea1.png\",\"keywords\":[\"profesori\",\"scoala Babel\",\"invatatoare\"],\"articleSection\":[\"New &amp; Event\"],\"inLanguage\":\"en-US\"},{\"@type\":\"WebPage\",\"@id\":\"https:\\\/\\\/www.scoalababel.ro\\\/2021\\\/04\\\/05\\\/scrie-povestea-scolii-babel-alaturi-de-noi\\\/\",\"url\":\"https:\\\/\\\/www.scoalababel.ro\\\/2021\\\/04\\\/05\\\/scrie-povestea-scolii-babel-alaturi-de-noi\\\/\",\"name\":\"Scrie povestea \u0218colii Babel al\u0103turi de noi\",\"isPartOf\":{\"@id\":\"https:\\\/\\\/www.scoalababel.ro\\\/#website\"},\"primaryImageOfPage\":{\"@id\":\"https:\\\/\\\/www.scoalababel.ro\\\/2021\\\/04\\\/05\\\/scrie-povestea-scolii-babel-alaturi-de-noi\\\/#primaryimage\"},\"image\":{\"@id\":\"https:\\\/\\\/www.scoalababel.ro\\\/2021\\\/04\\\/05\\\/scrie-povestea-scolii-babel-alaturi-de-noi\\\/#primaryimage\"},\"thumbnailUrl\":\"https:\\\/\\\/www.scoalababel.ro\\\/wp-content\\\/uploads\\\/2021\\\/04\\\/Scrie-Povestea1.png\",\"datePublished\":\"2021-04-05T06:50:52+00:00\",\"dateModified\":\"2025-02-06T18:18:31+00:00\",\"author\":{\"@id\":\"https:\\\/\\\/www.scoalababel.ro\\\/#\\\/schema\\\/person\\\/0ddda24d99c6d1d674f42252dfd3e57d\"},\"breadcrumb\":{\"@id\":\"https:\\\/\\\/www.scoalababel.ro\\\/2021\\\/04\\\/05\\\/scrie-povestea-scolii-babel-alaturi-de-noi\\\/#breadcrumb\"},\"inLanguage\":\"en-US\",\"potentialAction\":[{\"@type\":\"ReadAction\",\"target\":[\"https:\\\/\\\/www.scoalababel.ro\\\/2021\\\/04\\\/05\\\/scrie-povestea-scolii-babel-alaturi-de-noi\\\/\"]}]},{\"@type\":\"ImageObject\",\"inLanguage\":\"en-US\",\"@id\":\"https:\\\/\\\/www.scoalababel.ro\\\/2021\\\/04\\\/05\\\/scrie-povestea-scolii-babel-alaturi-de-noi\\\/#primaryimage\",\"url\":\"https:\\\/\\\/www.scoalababel.ro\\\/wp-content\\\/uploads\\\/2021\\\/04\\\/Scrie-Povestea1.png\",\"contentUrl\":\"https:\\\/\\\/www.scoalababel.ro\\\/wp-content\\\/uploads\\\/2021\\\/04\\\/Scrie-Povestea1.png\",\"width\":5000,\"height\":2625},{\"@type\":\"BreadcrumbList\",\"@id\":\"https:\\\/\\\/www.scoalababel.ro\\\/2021\\\/04\\\/05\\\/scrie-povestea-scolii-babel-alaturi-de-noi\\\/#breadcrumb\",\"itemListElement\":[{\"@type\":\"ListItem\",\"position\":1,\"name\":\"Home\",\"item\":\"https:\\\/\\\/www.scoalababel.ro\\\/\"},{\"@type\":\"ListItem\",\"position\":2,\"name\":\"Scrie povestea \u0218colii Babel al\u0103turi de noi\"}]},{\"@type\":\"WebSite\",\"@id\":\"https:\\\/\\\/www.scoalababel.ro\\\/#website\",\"url\":\"https:\\\/\\\/www.scoalababel.ro\\\/\",\"name\":\"\u0218coala Babel\",\"description\":\"\u0218coala Babel\",\"potentialAction\":[{\"@type\":\"SearchAction\",\"target\":{\"@type\":\"EntryPoint\",\"urlTemplate\":\"https:\\\/\\\/www.scoalababel.ro\\\/?s={search_term_string}\"},\"query-input\":{\"@type\":\"PropertyValueSpecification\",\"valueRequired\":true,\"valueName\":\"search_term_string\"}}],\"inLanguage\":\"en-US\"},{\"@type\":\"Person\",\"@id\":\"https:\\\/\\\/www.scoalababel.ro\\\/#\\\/schema\\\/person\\\/0ddda24d99c6d1d674f42252dfd3e57d\",\"name\":\"Scoala Babel\",\"image\":{\"@type\":\"ImageObject\",\"inLanguage\":\"en-US\",\"@id\":\"https:\\\/\\\/secure.gravatar.com\\\/avatar\\\/a4941fd320a84f667722088d35fc5937464bb5f978e3aa6b5dccefcf396ff406?s=96&d=mm&r=g\",\"url\":\"https:\\\/\\\/secure.gravatar.com\\\/avatar\\\/a4941fd320a84f667722088d35fc5937464bb5f978e3aa6b5dccefcf396ff406?s=96&d=mm&r=g\",\"contentUrl\":\"https:\\\/\\\/secure.gravatar.com\\\/avatar\\\/a4941fd320a84f667722088d35fc5937464bb5f978e3aa6b5dccefcf396ff406?s=96&d=mm&r=g\",\"caption\":\"Scoala Babel\"},\"url\":\"https:\\\/\\\/www.scoalababel.ro\\\/en\\\/author\\\/pr\\\/\"}]}<\/script>\n<!-- \/ Yoast SEO plugin. -->","yoast_head_json":{"title":"Scrie povestea \u0218colii Babel al\u0103turi de noi","robots":{"index":"index","follow":"follow","max-snippet":"max-snippet:-1","max-image-preview":"max-image-preview:large","max-video-preview":"max-video-preview:-1"},"canonical":"https:\/\/www.scoalababel.ro\/en\/2021\/04\/05\/scrie-povestea-scolii-babel-alaturi-de-noi\/","og_locale":"en_US","og_type":"article","og_title":"[:ro]Scrie povestea \u0218colii Babel al\u0103turi de noi[:] - \u0218coala Babel","og_description":"C\u0103ut\u0103m \u00eenv\u0103\u021b\u0103tori&#038;\u00eenv\u0103\u021b\u0103toare pentru anul \u0219colar 2021-2022 Dac\u0103 \u00ee\u021bi dore\u0219ti s\u0103 fii parte dintr-o comunitate \u00een care \u00eenv\u0103\u021barea se \u00eent\u00e2mpl\u0103 cu drag \u0219i bucurie, cu pove\u0219ti \u0219i cu experimente, cu ascultare \u0219i dialog, te invit\u0103m s\u0103 ni te al\u0103turi. Trimite-ne CV-ul t\u0103u p\u00e2n\u0103 \u00een 12 aprilie, pe adresa contact@scoalababel.ro. Pentru anul \u0219colar 2021-2022, c\u0103ut\u0103m profesori &#038; [&hellip;]","og_url":"https:\/\/www.scoalababel.ro\/en\/2021\/04\/05\/scrie-povestea-scolii-babel-alaturi-de-noi\/","og_site_name":"\u0218coala Babel","article_publisher":"https:\/\/www.facebook.com\/scoalababel\/","article_published_time":"2021-04-05T06:50:52+00:00","article_modified_time":"2025-02-06T18:18:31+00:00","og_image":[{"width":5000,"height":2625,"url":"https:\/\/www.scoalababel.ro\/wp-content\/uploads\/2021\/04\/Scrie-Povestea1.png","type":"image\/png"}],"author":"Scoala Babel","twitter_card":"summary_large_image","twitter_misc":{"Written by":"Scoala Babel","Est. reading time":"1 minute"},"schema":{"@context":"https:\/\/schema.org","@graph":[{"@type":"Article","@id":"https:\/\/www.scoalababel.ro\/2021\/04\/05\/scrie-povestea-scolii-babel-alaturi-de-noi\/#article","isPartOf":{"@id":"https:\/\/www.scoalababel.ro\/2021\/04\/05\/scrie-povestea-scolii-babel-alaturi-de-noi\/"},"author":{"name":"Scoala Babel","@id":"https:\/\/www.scoalababel.ro\/#\/schema\/person\/0ddda24d99c6d1d674f42252dfd3e57d"},"headline":"Scrie povestea \u0218colii Babel al\u0103turi de noi","datePublished":"2021-04-05T06:50:52+00:00","dateModified":"2025-02-06T18:18:31+00:00","mainEntityOfPage":{"@id":"https:\/\/www.scoalababel.ro\/2021\/04\/05\/scrie-povestea-scolii-babel-alaturi-de-noi\/"},"wordCount":168,"image":{"@id":"https:\/\/www.scoalababel.ro\/2021\/04\/05\/scrie-povestea-scolii-babel-alaturi-de-noi\/#primaryimage"},"thumbnailUrl":"https:\/\/www.scoalababel.ro\/wp-content\/uploads\/2021\/04\/Scrie-Povestea1.png","keywords":["profesori","scoala Babel","invatatoare"],"articleSection":["New &amp; Event"],"inLanguage":"en-US"},{"@type":"WebPage","@id":"https:\/\/www.scoalababel.ro\/2021\/04\/05\/scrie-povestea-scolii-babel-alaturi-de-noi\/","url":"https:\/\/www.scoalababel.ro\/2021\/04\/05\/scrie-povestea-scolii-babel-alaturi-de-noi\/","name":"Scrie povestea \u0218colii Babel al\u0103turi de noi","isPartOf":{"@id":"https:\/\/www.scoalababel.ro\/#website"},"primaryImageOfPage":{"@id":"https:\/\/www.scoalababel.ro\/2021\/04\/05\/scrie-povestea-scolii-babel-alaturi-de-noi\/#primaryimage"},"image":{"@id":"https:\/\/www.scoalababel.ro\/2021\/04\/05\/scrie-povestea-scolii-babel-alaturi-de-noi\/#primaryimage"},"thumbnailUrl":"https:\/\/www.scoalababel.ro\/wp-content\/uploads\/2021\/04\/Scrie-Povestea1.png","datePublished":"2021-04-05T06:50:52+00:00","dateModified":"2025-02-06T18:18:31+00:00","author":{"@id":"https:\/\/www.scoalababel.ro\/#\/schema\/person\/0ddda24d99c6d1d674f42252dfd3e57d"},"breadcrumb":{"@id":"https:\/\/www.scoalababel.ro\/2021\/04\/05\/scrie-povestea-scolii-babel-alaturi-de-noi\/#breadcrumb"},"inLanguage":"en-US","potentialAction":[{"@type":"ReadAction","target":["https:\/\/www.scoalababel.ro\/2021\/04\/05\/scrie-povestea-scolii-babel-alaturi-de-noi\/"]}]},{"@type":"ImageObject","inLanguage":"en-US","@id":"https:\/\/www.scoalababel.ro\/2021\/04\/05\/scrie-povestea-scolii-babel-alaturi-de-noi\/#primaryimage","url":"https:\/\/www.scoalababel.ro\/wp-content\/uploads\/2021\/04\/Scrie-Povestea1.png","contentUrl":"https:\/\/www.scoalababel.ro\/wp-content\/uploads\/2021\/04\/Scrie-Povestea1.png","width":5000,"height":2625},{"@type":"BreadcrumbList","@id":"https:\/\/www.scoalababel.ro\/2021\/04\/05\/scrie-povestea-scolii-babel-alaturi-de-noi\/#breadcrumb","itemListElement":[{"@type":"ListItem","position":1,"name":"Home","item":"https:\/\/www.scoalababel.ro\/"},{"@type":"ListItem","position":2,"name":"Scrie povestea \u0218colii Babel al\u0103turi de noi"}]},{"@type":"WebSite","@id":"https:\/\/www.scoalababel.ro\/#website","url":"https:\/\/www.scoalababel.ro\/","name":"\u0218coala Babel","description":"\u0218coala Babel","potentialAction":[{"@type":"SearchAction","target":{"@type":"EntryPoint","urlTemplate":"https:\/\/www.scoalababel.ro\/?s={search_term_string}"},"query-input":{"@type":"PropertyValueSpecification","valueRequired":true,"valueName":"search_term_string"}}],"inLanguage":"en-US"},{"@type":"Person","@id":"https:\/\/www.scoalababel.ro\/#\/schema\/person\/0ddda24d99c6d1d674f42252dfd3e57d","name":"Scoala Babel","image":{"@type":"ImageObject","inLanguage":"en-US","@id":"https:\/\/secure.gravatar.com\/avatar\/a4941fd320a84f667722088d35fc5937464bb5f978e3aa6b5dccefcf396ff406?s=96&d=mm&r=g","url":"https:\/\/secure.gravatar.com\/avatar\/a4941fd320a84f667722088d35fc5937464bb5f978e3aa6b5dccefcf396ff406?s=96&d=mm&r=g","contentUrl":"https:\/\/secure.gravatar.com\/avatar\/a4941fd320a84f667722088d35fc5937464bb5f978e3aa6b5dccefcf396ff406?s=96&d=mm&r=g","caption":"Scoala Babel"},"url":"https:\/\/www.scoalababel.ro\/en\/author\/pr\/"}]}},"_links":{"self":[{"href":"https:\/\/www.scoalababel.ro\/en\/wp-json\/wp\/v2\/posts\/4184","targetHints":{"allow":["GET"]}}],"collection":[{"href":"https:\/\/www.scoalababel.ro\/en\/wp-json\/wp\/v2\/posts"}],"about":[{"href":"https:\/\/www.scoalababel.ro\/en\/wp-json\/wp\/v2\/types\/post"}],"author":[{"embeddable":true,"href":"https:\/\/www.scoalababel.ro\/en\/wp-json\/wp\/v2\/users\/8"}],"replies":[{"embeddable":true,"href":"https:\/\/www.scoalababel.ro\/en\/wp-json\/wp\/v2\/comments?post=4184"}],"version-history":[{"count":2,"href":"https:\/\/www.scoalababel.ro\/en\/wp-json\/wp\/v2\/posts\/4184\/revisions"}],"predecessor-version":[{"id":4189,"href":"https:\/\/www.scoalababel.ro\/en\/wp-json\/wp\/v2\/posts\/4184\/revisions\/4189"}],"wp:featuredmedia":[{"embeddable":true,"href":"https:\/\/www.scoalababel.ro\/en\/wp-json\/wp\/v2\/media\/4185"}],"wp:attachment":[{"href":"https:\/\/www.scoalababel.ro\/en\/wp-json\/wp\/v2\/media?parent=4184"}],"wp:term":[{"taxonomy":"category","embeddable":true,"href":"https:\/\/www.scoalababel.ro\/en\/wp-json\/wp\/v2\/categories?post=4184"},{"taxonomy":"post_tag","embeddable":true,"href":"https:\/\/www.scoalababel.ro\/en\/wp-json\/wp\/v2\/tags?post=4184"}],"curies":[{"name":"wp","href":"https:\/\/api.w.org\/{rel}","templated":true}]}}