{"id":5184,"date":"2022-12-22T09:54:14","date_gmt":"2022-12-22T09:54:14","guid":{"rendered":"https:\/\/www.scoalababel.ro\/en\/?p=5184"},"modified":"2025-02-06T17:51:52","modified_gmt":"2025-02-06T17:51:52","slug":"cum-a-fost-anul-2022-la-babel","status":"publish","type":"post","link":"https:\/\/www.scoalababel.ro\/en\/2022\/12\/22\/cum-a-fost-anul-2022-la-babel\/","title":{"rendered":"Cum a fost anul 2022 la Babel"},"content":{"rendered":"<p>Anul 2022 \u00ee\u0219i ia \u00eencet r\u0103mas bun de la noi, iar g\u00e2ndurile ne poart\u0103 la momentele pe care le-am petrecut \u00eempreun\u0103, zi de zi, la Babel \u0218coal\u0103 \u0219i Liceu.\u00a0 Cu mult\u0103 emo\u021bie \u0219i recuno\u0219tin\u021b\u0103 pentru c\u0103 tr\u0103im \u00eentr-o comunitate at\u00e2t de frumoas\u0103, activ\u0103 \u0219i implicat\u0103, ne preg\u0103tim pentru un An Nou \u00eemplinitor \u00een care s\u0103 ducem misiunea noastr\u0103 mai departe, aceea de a transmite din valorile educa\u021biei experien\u021biale c\u00e2t mai multor copii, profesori \u0219i p\u0103rin\u021bi.<\/p>\n<p>Este uimitor cum, privind \u00eenapoi, amintirile par mai vii ca niciodat\u0103, cu senza\u021bia intens\u0103 c\u0103 totul <strong><em>abia<\/em><\/strong> s-a \u00eent\u00e2mplat. Abia ce am turnat funda\u021bia pentru cl\u0103direa nou\u0103, abia ce am \u00eengropat mesajele pentru viitor, abia ce am f\u0103cut schimb de experien\u021b\u0103 cu colegii din Amsterdam \u0219i Istanbul&#8230; Pesemne, zicala &#8220;timpul trece repede atunci c\u00e2nd te distrezi&#8221; ni se potrive\u0219te \u0219i nou\u0103.<\/p>\n<p>Desigur, a fost mult\u0103 <em><strong>voie bun\u0103<\/strong><\/em> \u00een acest an, dar mai mult dec\u00e2t at\u00e2t, au fost <em><strong>lec\u021bii \u00eenv\u0103\u021bate<\/strong><\/em>, <em><strong>cre\u0219tere<\/strong><\/em>, <em><strong>visare<\/strong><\/em>, <em><strong>eforturi<\/strong><\/em>, <em><strong>implicare<\/strong><\/em>, <em><strong>loialitate<\/strong><\/em>, <em><strong>determinare<\/strong><\/em>, <em><strong>iubire,<\/strong><\/em>\u00a0<em><strong>empatie.\u00a0<\/strong><\/em>Lista poate continua la nesf\u00e2r\u0219it.<\/p>\n<p><strong>Pentru anul 2023<\/strong>, ne dorim \u0219i v\u0103 dorim s\u0103n\u0103tate \u0219i mult entuziasm pentru toate proiectele care vor veni, c\u0103ldur\u0103 \u00een suflete \u0219i armonie.<\/p>\n<p>V\u0103 l\u0103s\u0103m \u00een compania unui colaj de imagini surprinse de-a lungul anului 2022 \u0219i <em><strong>v\u0103 mul\u021bumim din suflet c\u0103 ne-a\u021bi fost al\u0103turi<\/strong><\/em>!<\/p>\n<p><em><strong>La mul\u021bi ani!<\/strong><\/em><\/p>\n<p>Mul\u021bumiri speciale companiilor \u0219i organiza\u021biilor care ne-au sprijinit \u00een acest an \u0219i de-a lungul timpului. Suntem bucuro\u0219i s\u0103 avem al\u0103turi oameni genero\u0219i \u0219i aten\u021bi la nevoile reale ale educa\u021biei din Rom\u00e2nia:<\/p>\n<p>Extra Prompt, Studio Arca, Step Up Business Solutions, BCR, ProCredit Bank, City Media, Metcons, Everseen, Foamotive, Triamed, Coremans Zootehnia, Kinderpedia, Swiss Solutions, Hawle H SRL, Marvelio Rad Group, Marvelio Imaging SRL, Tooktech Web Technologies, Speak Loud SRL, Blink Studio, Apiarium, BDN Strategy, Touch Vectron SRL, Divenio, Consulting SRL, Moredevs SRL, VA Venture, Tin Factory, Vertical Finance SRL, Edit Shop &#038; Business,\u00a0 Darto Design and Build, Davidsjobbs, Creativo Bluuly, Decathlon, Rivi\u00e8re, Mewi, Greenforest, Eta 2U, Intel, Lasting Group, Ascendis, Reghina Blue, C\u0103rture\u0219ti, UnifiedPost.<\/p>\n<p>Ambasada, Teatrul Basca, Funda\u021bia Comunitar\u0103 Timi\u0219oara, Asocia\u021bia pentru Valori \u00een Educa\u021bie, Institutul Intercultural Timi\u0219oara, Noi orizonturi, Noi \u00eenceputuri, Asocia\u021bia pentru Comunicare Non-violent\u0103, Cuf\u0103rul cu pove\u0219ti, Faber, Greenfeel, Hambarul cu carte, Librarul cu papion, InEdu, \u0218coala de Circ, UPT, UVT, Plai, Camera de Comer\u021b a Belgiei, Consulatul Onorific al Olandei, ADR Vlaanderen, Ambasada Belgiei \u00een Rom\u00e2nia, Teatrul Au\u0103leu, Forumul Rom\u00e2no-Belgian pentru Cooperare, CEGO, Tweemonds, Rebel Education, Zeven Morgens, Erasmus+, \u0218coala Democratic\u0103 Amsterdam, Kartal YAVUZ SEL\u0130M Ortaokulu (Istanbul), Upgrade my City, Prim\u0103ria Timi\u0219oara, Consiliul Jude\u021bean Timi\u0219, Alec Blenche, Consulatul Onorific al Spaniei, Asocia\u021bia Invatatorilor B\u0103n\u0103\u021beni, Coder Dojo, Kid&#8217;geneers, NVC in Education Network, Penny Vine.<\/p>\n<p>&nbsp;<\/p>\n<p><iframe loading=\"lazy\" title=\"Anul 2022 la Babel S\u0326coala\u0306 s\u0326i Liceu\" width=\"500\" height=\"281\" src=\"https:\/\/www.youtube.com\/embed\/V0JaWw8yLVM?feature=oembed\" frameborder=\"0\" allow=\"accelerometer; autoplay; clipboard-write; encrypted-media; gyroscope; picture-in-picture; web-share\" referrerpolicy=\"strict-origin-when-cross-origin\" allowfullscreen><\/iframe><\/p>\n","protected":false},"excerpt":{"rendered":"<p>Anul 2022 \u00ee\u0219i ia \u00eencet r\u0103mas bun de la noi, iar g\u00e2ndurile ne poart\u0103 la momentele pe care le-am petrecut \u00eempreun\u0103, zi de zi, la Babel \u0218coal\u0103 \u0219i Liceu.\u00a0 Cu mult\u0103 emo\u021bie \u0219i recuno\u0219tin\u021b\u0103 pentru c\u0103 tr\u0103im \u00eentr-o comunitate at\u00e2t de frumoas\u0103, activ\u0103 \u0219i implicat\u0103, ne preg\u0103tim pentru un An Nou \u00eemplinitor \u00een care s\u0103 [&hellip;]<\/p>\n","protected":false},"author":8,"featured_media":5191,"comment_status":"closed","ping_status":"closed","sticky":false,"template":"","format":"standard","meta":{"footnotes":""},"categories":[69],"tags":[],"class_list":["post-5184","post","type-post","status-publish","format-standard","has-post-thumbnail","hentry","category-invatarea-experientiala"],"yoast_head":"<!-- This site is optimized with the Yoast SEO plugin v27.5 - https:\/\/yoast.com\/product\/yoast-seo-wordpress\/ -->\n<title>Cum a fost anul 2022 la Babel<\/title>\n<meta name=\"robots\" content=\"index, follow, max-snippet:-1, max-image-preview:large, max-video-preview:-1\" \/>\n<link rel=\"canonical\" href=\"https:\/\/www.scoalababel.ro\/en\/2022\/12\/22\/cum-a-fost-anul-2022-la-babel\/\" \/>\n<meta property=\"og:locale\" content=\"en_US\" \/>\n<meta property=\"og:locale:alternate\" content=\"ro_RO\" \/>\n<meta property=\"og:type\" content=\"article\" \/>\n<meta property=\"og:title\" content=\"Cum a fost anul 2022 la Babel\" \/>\n<meta property=\"og:description\" content=\"Anul 2022 \u00ee\u0219i ia \u00eencet r\u0103mas bun de la noi, iar g\u00e2ndurile ne poart\u0103 la momentele pe care le-am petrecut \u00eempreun\u0103, zi de zi, la Babel \u0218coal\u0103 \u0219i Liceu.\u00a0 Cu mult\u0103 emo\u021bie \u0219i recuno\u0219tin\u021b\u0103 pentru c\u0103 tr\u0103im \u00eentr-o comunitate at\u00e2t de frumoas\u0103, activ\u0103 \u0219i implicat\u0103, ne preg\u0103tim pentru un An Nou \u00eemplinitor \u00een care s\u0103 [&hellip;]\" \/>\n<meta property=\"og:url\" content=\"https:\/\/www.scoalababel.ro\/en\/2022\/12\/22\/cum-a-fost-anul-2022-la-babel\/\" \/>\n<meta property=\"og:site_name\" content=\"\u0218coala Babel\" \/>\n<meta property=\"article:publisher\" content=\"https:\/\/www.facebook.com\/scoalababel\/\" \/>\n<meta property=\"article:published_time\" content=\"2022-12-22T09:54:14+00:00\" \/>\n<meta property=\"article:modified_time\" content=\"2025-02-06T17:51:52+00:00\" \/>\n<meta property=\"og:image\" content=\"https:\/\/www.scoalababel.ro\/wp-content\/uploads\/2022\/12\/Anul-2022-la-Scoala-Babel-1024x576.png\" \/>\n\t<meta property=\"og:image:width\" content=\"1024\" \/>\n\t<meta property=\"og:image:height\" content=\"576\" \/>\n\t<meta property=\"og:image:type\" content=\"image\/png\" \/>\n<meta name=\"author\" content=\"Scoala Babel\" \/>\n<meta name=\"twitter:card\" content=\"summary_large_image\" \/>\n<meta name=\"twitter:label1\" content=\"Written by\" \/>\n\t<meta name=\"twitter:data1\" content=\"Scoala Babel\" \/>\n\t<meta name=\"twitter:label2\" content=\"Est. reading time\" \/>\n\t<meta name=\"twitter:data2\" content=\"4 minutes\" \/>\n<script type=\"application\/ld+json\" class=\"yoast-schema-graph\">{\"@context\":\"https:\\\/\\\/schema.org\",\"@graph\":[{\"@type\":\"Article\",\"@id\":\"https:\\\/\\\/www.scoalababel.ro\\\/en\\\/2022\\\/12\\\/22\\\/cum-a-fost-anul-2022-la-babel\\\/#article\",\"isPartOf\":{\"@id\":\"https:\\\/\\\/www.scoalababel.ro\\\/en\\\/2022\\\/12\\\/22\\\/cum-a-fost-anul-2022-la-babel\\\/\"},\"author\":{\"name\":\"Scoala Babel\",\"@id\":\"https:\\\/\\\/www.scoalababel.ro\\\/#\\\/schema\\\/person\\\/0ddda24d99c6d1d674f42252dfd3e57d\"},\"headline\":\"Cum a fost anul 2022 la Babel\",\"datePublished\":\"2022-12-22T09:54:14+00:00\",\"dateModified\":\"2025-02-06T17:51:52+00:00\",\"mainEntityOfPage\":{\"@id\":\"https:\\\/\\\/www.scoalababel.ro\\\/en\\\/2022\\\/12\\\/22\\\/cum-a-fost-anul-2022-la-babel\\\/\"},\"wordCount\":771,\"image\":{\"@id\":\"https:\\\/\\\/www.scoalababel.ro\\\/en\\\/2022\\\/12\\\/22\\\/cum-a-fost-anul-2022-la-babel\\\/#primaryimage\"},\"thumbnailUrl\":\"https:\\\/\\\/www.scoalababel.ro\\\/wp-content\\\/uploads\\\/2022\\\/12\\\/Anul-2022-la-Scoala-Babel.png\",\"articleSection\":[\"\u00cenv\u0103\u021barea experien\u021bial\u0103\"],\"inLanguage\":\"en-US\"},{\"@type\":\"WebPage\",\"@id\":\"https:\\\/\\\/www.scoalababel.ro\\\/en\\\/2022\\\/12\\\/22\\\/cum-a-fost-anul-2022-la-babel\\\/\",\"url\":\"https:\\\/\\\/www.scoalababel.ro\\\/en\\\/2022\\\/12\\\/22\\\/cum-a-fost-anul-2022-la-babel\\\/\",\"name\":\"Cum a fost anul 2022 la Babel\",\"isPartOf\":{\"@id\":\"https:\\\/\\\/www.scoalababel.ro\\\/#website\"},\"primaryImageOfPage\":{\"@id\":\"https:\\\/\\\/www.scoalababel.ro\\\/en\\\/2022\\\/12\\\/22\\\/cum-a-fost-anul-2022-la-babel\\\/#primaryimage\"},\"image\":{\"@id\":\"https:\\\/\\\/www.scoalababel.ro\\\/en\\\/2022\\\/12\\\/22\\\/cum-a-fost-anul-2022-la-babel\\\/#primaryimage\"},\"thumbnailUrl\":\"https:\\\/\\\/www.scoalababel.ro\\\/wp-content\\\/uploads\\\/2022\\\/12\\\/Anul-2022-la-Scoala-Babel.png\",\"datePublished\":\"2022-12-22T09:54:14+00:00\",\"dateModified\":\"2025-02-06T17:51:52+00:00\",\"author\":{\"@id\":\"https:\\\/\\\/www.scoalababel.ro\\\/#\\\/schema\\\/person\\\/0ddda24d99c6d1d674f42252dfd3e57d\"},\"breadcrumb\":{\"@id\":\"https:\\\/\\\/www.scoalababel.ro\\\/en\\\/2022\\\/12\\\/22\\\/cum-a-fost-anul-2022-la-babel\\\/#breadcrumb\"},\"inLanguage\":\"en-US\",\"potentialAction\":[{\"@type\":\"ReadAction\",\"target\":[\"https:\\\/\\\/www.scoalababel.ro\\\/en\\\/2022\\\/12\\\/22\\\/cum-a-fost-anul-2022-la-babel\\\/\"]}]},{\"@type\":\"ImageObject\",\"inLanguage\":\"en-US\",\"@id\":\"https:\\\/\\\/www.scoalababel.ro\\\/en\\\/2022\\\/12\\\/22\\\/cum-a-fost-anul-2022-la-babel\\\/#primaryimage\",\"url\":\"https:\\\/\\\/www.scoalababel.ro\\\/wp-content\\\/uploads\\\/2022\\\/12\\\/Anul-2022-la-Scoala-Babel.png\",\"contentUrl\":\"https:\\\/\\\/www.scoalababel.ro\\\/wp-content\\\/uploads\\\/2022\\\/12\\\/Anul-2022-la-Scoala-Babel.png\",\"width\":2240,\"height\":1260},{\"@type\":\"BreadcrumbList\",\"@id\":\"https:\\\/\\\/www.scoalababel.ro\\\/en\\\/2022\\\/12\\\/22\\\/cum-a-fost-anul-2022-la-babel\\\/#breadcrumb\",\"itemListElement\":[{\"@type\":\"ListItem\",\"position\":1,\"name\":\"Home\",\"item\":\"https:\\\/\\\/www.scoalababel.ro\\\/\"},{\"@type\":\"ListItem\",\"position\":2,\"name\":\"Cum a fost anul 2022 la Babel\"}]},{\"@type\":\"WebSite\",\"@id\":\"https:\\\/\\\/www.scoalababel.ro\\\/#website\",\"url\":\"https:\\\/\\\/www.scoalababel.ro\\\/\",\"name\":\"\u0218coala Babel\",\"description\":\"\u0218coala Babel\",\"potentialAction\":[{\"@type\":\"SearchAction\",\"target\":{\"@type\":\"EntryPoint\",\"urlTemplate\":\"https:\\\/\\\/www.scoalababel.ro\\\/?s={search_term_string}\"},\"query-input\":{\"@type\":\"PropertyValueSpecification\",\"valueRequired\":true,\"valueName\":\"search_term_string\"}}],\"inLanguage\":\"en-US\"},{\"@type\":\"Person\",\"@id\":\"https:\\\/\\\/www.scoalababel.ro\\\/#\\\/schema\\\/person\\\/0ddda24d99c6d1d674f42252dfd3e57d\",\"name\":\"Scoala Babel\",\"image\":{\"@type\":\"ImageObject\",\"inLanguage\":\"en-US\",\"@id\":\"https:\\\/\\\/secure.gravatar.com\\\/avatar\\\/a4941fd320a84f667722088d35fc5937464bb5f978e3aa6b5dccefcf396ff406?s=96&d=mm&r=g\",\"url\":\"https:\\\/\\\/secure.gravatar.com\\\/avatar\\\/a4941fd320a84f667722088d35fc5937464bb5f978e3aa6b5dccefcf396ff406?s=96&d=mm&r=g\",\"contentUrl\":\"https:\\\/\\\/secure.gravatar.com\\\/avatar\\\/a4941fd320a84f667722088d35fc5937464bb5f978e3aa6b5dccefcf396ff406?s=96&d=mm&r=g\",\"caption\":\"Scoala Babel\"},\"url\":\"https:\\\/\\\/www.scoalababel.ro\\\/en\\\/author\\\/pr\\\/\"}]}<\/script>\n<!-- \/ Yoast SEO plugin. -->","yoast_head_json":{"title":"Cum a fost anul 2022 la Babel","robots":{"index":"index","follow":"follow","max-snippet":"max-snippet:-1","max-image-preview":"max-image-preview:large","max-video-preview":"max-video-preview:-1"},"canonical":"https:\/\/www.scoalababel.ro\/en\/2022\/12\/22\/cum-a-fost-anul-2022-la-babel\/","og_locale":"en_US","og_type":"article","og_title":"[:ro]Cum a fost anul 2022 la Babel[:en]Cum a fost anul 2022 la Babel[:] - \u0218coala Babel","og_description":"Anul 2022 \u00ee\u0219i ia \u00eencet r\u0103mas bun de la noi, iar g\u00e2ndurile ne poart\u0103 la momentele pe care le-am petrecut \u00eempreun\u0103, zi de zi, la Babel \u0218coal\u0103 \u0219i Liceu.\u00a0 Cu mult\u0103 emo\u021bie \u0219i recuno\u0219tin\u021b\u0103 pentru c\u0103 tr\u0103im \u00eentr-o comunitate at\u00e2t de frumoas\u0103, activ\u0103 \u0219i implicat\u0103, ne preg\u0103tim pentru un An Nou \u00eemplinitor \u00een care s\u0103 [&hellip;]","og_url":"https:\/\/www.scoalababel.ro\/en\/2022\/12\/22\/cum-a-fost-anul-2022-la-babel\/","og_site_name":"\u0218coala Babel","article_publisher":"https:\/\/www.facebook.com\/scoalababel\/","article_published_time":"2022-12-22T09:54:14+00:00","article_modified_time":"2025-02-06T17:51:52+00:00","og_image":[{"width":1024,"height":576,"url":"https:\/\/www.scoalababel.ro\/wp-content\/uploads\/2022\/12\/Anul-2022-la-Scoala-Babel-1024x576.png","type":"image\/png"}],"author":"Scoala Babel","twitter_card":"summary_large_image","twitter_misc":{"Written by":"Scoala Babel","Est. reading time":"4 minutes"},"schema":{"@context":"https:\/\/schema.org","@graph":[{"@type":"Article","@id":"https:\/\/www.scoalababel.ro\/en\/2022\/12\/22\/cum-a-fost-anul-2022-la-babel\/#article","isPartOf":{"@id":"https:\/\/www.scoalababel.ro\/en\/2022\/12\/22\/cum-a-fost-anul-2022-la-babel\/"},"author":{"name":"Scoala Babel","@id":"https:\/\/www.scoalababel.ro\/#\/schema\/person\/0ddda24d99c6d1d674f42252dfd3e57d"},"headline":"Cum a fost anul 2022 la Babel","datePublished":"2022-12-22T09:54:14+00:00","dateModified":"2025-02-06T17:51:52+00:00","mainEntityOfPage":{"@id":"https:\/\/www.scoalababel.ro\/en\/2022\/12\/22\/cum-a-fost-anul-2022-la-babel\/"},"wordCount":771,"image":{"@id":"https:\/\/www.scoalababel.ro\/en\/2022\/12\/22\/cum-a-fost-anul-2022-la-babel\/#primaryimage"},"thumbnailUrl":"https:\/\/www.scoalababel.ro\/wp-content\/uploads\/2022\/12\/Anul-2022-la-Scoala-Babel.png","articleSection":["\u00cenv\u0103\u021barea experien\u021bial\u0103"],"inLanguage":"en-US"},{"@type":"WebPage","@id":"https:\/\/www.scoalababel.ro\/en\/2022\/12\/22\/cum-a-fost-anul-2022-la-babel\/","url":"https:\/\/www.scoalababel.ro\/en\/2022\/12\/22\/cum-a-fost-anul-2022-la-babel\/","name":"Cum a fost anul 2022 la Babel","isPartOf":{"@id":"https:\/\/www.scoalababel.ro\/#website"},"primaryImageOfPage":{"@id":"https:\/\/www.scoalababel.ro\/en\/2022\/12\/22\/cum-a-fost-anul-2022-la-babel\/#primaryimage"},"image":{"@id":"https:\/\/www.scoalababel.ro\/en\/2022\/12\/22\/cum-a-fost-anul-2022-la-babel\/#primaryimage"},"thumbnailUrl":"https:\/\/www.scoalababel.ro\/wp-content\/uploads\/2022\/12\/Anul-2022-la-Scoala-Babel.png","datePublished":"2022-12-22T09:54:14+00:00","dateModified":"2025-02-06T17:51:52+00:00","author":{"@id":"https:\/\/www.scoalababel.ro\/#\/schema\/person\/0ddda24d99c6d1d674f42252dfd3e57d"},"breadcrumb":{"@id":"https:\/\/www.scoalababel.ro\/en\/2022\/12\/22\/cum-a-fost-anul-2022-la-babel\/#breadcrumb"},"inLanguage":"en-US","potentialAction":[{"@type":"ReadAction","target":["https:\/\/www.scoalababel.ro\/en\/2022\/12\/22\/cum-a-fost-anul-2022-la-babel\/"]}]},{"@type":"ImageObject","inLanguage":"en-US","@id":"https:\/\/www.scoalababel.ro\/en\/2022\/12\/22\/cum-a-fost-anul-2022-la-babel\/#primaryimage","url":"https:\/\/www.scoalababel.ro\/wp-content\/uploads\/2022\/12\/Anul-2022-la-Scoala-Babel.png","contentUrl":"https:\/\/www.scoalababel.ro\/wp-content\/uploads\/2022\/12\/Anul-2022-la-Scoala-Babel.png","width":2240,"height":1260},{"@type":"BreadcrumbList","@id":"https:\/\/www.scoalababel.ro\/en\/2022\/12\/22\/cum-a-fost-anul-2022-la-babel\/#breadcrumb","itemListElement":[{"@type":"ListItem","position":1,"name":"Home","item":"https:\/\/www.scoalababel.ro\/"},{"@type":"ListItem","position":2,"name":"Cum a fost anul 2022 la Babel"}]},{"@type":"WebSite","@id":"https:\/\/www.scoalababel.ro\/#website","url":"https:\/\/www.scoalababel.ro\/","name":"\u0218coala Babel","description":"\u0218coala Babel","potentialAction":[{"@type":"SearchAction","target":{"@type":"EntryPoint","urlTemplate":"https:\/\/www.scoalababel.ro\/?s={search_term_string}"},"query-input":{"@type":"PropertyValueSpecification","valueRequired":true,"valueName":"search_term_string"}}],"inLanguage":"en-US"},{"@type":"Person","@id":"https:\/\/www.scoalababel.ro\/#\/schema\/person\/0ddda24d99c6d1d674f42252dfd3e57d","name":"Scoala Babel","image":{"@type":"ImageObject","inLanguage":"en-US","@id":"https:\/\/secure.gravatar.com\/avatar\/a4941fd320a84f667722088d35fc5937464bb5f978e3aa6b5dccefcf396ff406?s=96&d=mm&r=g","url":"https:\/\/secure.gravatar.com\/avatar\/a4941fd320a84f667722088d35fc5937464bb5f978e3aa6b5dccefcf396ff406?s=96&d=mm&r=g","contentUrl":"https:\/\/secure.gravatar.com\/avatar\/a4941fd320a84f667722088d35fc5937464bb5f978e3aa6b5dccefcf396ff406?s=96&d=mm&r=g","caption":"Scoala Babel"},"url":"https:\/\/www.scoalababel.ro\/en\/author\/pr\/"}]}},"_links":{"self":[{"href":"https:\/\/www.scoalababel.ro\/en\/wp-json\/wp\/v2\/posts\/5184","targetHints":{"allow":["GET"]}}],"collection":[{"href":"https:\/\/www.scoalababel.ro\/en\/wp-json\/wp\/v2\/posts"}],"about":[{"href":"https:\/\/www.scoalababel.ro\/en\/wp-json\/wp\/v2\/types\/post"}],"author":[{"embeddable":true,"href":"https:\/\/www.scoalababel.ro\/en\/wp-json\/wp\/v2\/users\/8"}],"replies":[{"embeddable":true,"href":"https:\/\/www.scoalababel.ro\/en\/wp-json\/wp\/v2\/comments?post=5184"}],"version-history":[{"count":14,"href":"https:\/\/www.scoalababel.ro\/en\/wp-json\/wp\/v2\/posts\/5184\/revisions"}],"predecessor-version":[{"id":5206,"href":"https:\/\/www.scoalababel.ro\/en\/wp-json\/wp\/v2\/posts\/5184\/revisions\/5206"}],"wp:featuredmedia":[{"embeddable":true,"href":"https:\/\/www.scoalababel.ro\/en\/wp-json\/wp\/v2\/media\/5191"}],"wp:attachment":[{"href":"https:\/\/www.scoalababel.ro\/en\/wp-json\/wp\/v2\/media?parent=5184"}],"wp:term":[{"taxonomy":"category","embeddable":true,"href":"https:\/\/www.scoalababel.ro\/en\/wp-json\/wp\/v2\/categories?post=5184"},{"taxonomy":"post_tag","embeddable":true,"href":"https:\/\/www.scoalababel.ro\/en\/wp-json\/wp\/v2\/tags?post=5184"}],"curies":[{"name":"wp","href":"https:\/\/api.w.org\/{rel}","templated":true}]}}